{"id":48801,"date":"2024-05-30T09:27:00","date_gmt":"2024-05-30T12:27:00","guid":{"rendered":"https:\/\/www.radiopresidenteibanez.cl\/web\/?p=48801"},"modified":"2024-05-30T08:35:22","modified_gmt":"2024-05-30T11:35:22","slug":"exitosa-participacion-de-transporte-y-telecomunicaciones-en-encuentro-del-comite-de-integracion-austral-en-punta-arenas","status":"publish","type":"post","link":"https:\/\/www.radiopresidenteibanez.cl\/web\/exitosa-participacion-de-transporte-y-telecomunicaciones-en-encuentro-del-comite-de-integracion-austral-en-punta-arenas\/","title":{"rendered":"EXITOSA PARTICIPACION DE TRANSPORTE Y TELECOMUNICACIONES EN ENCUENTRO DEL COMITE DE INTEGRACION AUSTRAL EN PUNTA ARENAS"},"content":{"rendered":"\n<p>finaliz\u00f3 el trabajo bilateral del comit\u00e9 Integraci\u00f3n Austral en Punta Arenas, donde el<br>seremi de Transportes y Telecomunicaciones Rodrigo Hern\u00e1ndez lider\u00f3 la mesa de<br>Transporte. \u00abTermina la jornada donde tenemos la oportunidad de articular este trabajo<br>bilateral que es tan importante para nuestro territorio\u00bb.<br>En la regi\u00f3n de Magallanes y de la Ant\u00e1rtica Chilena, a\u00f1adi\u00f3 el secretario regional,<br>\u201cdependemos de esta relaci\u00f3n proactiva y propositiva con nuestros vecinos, as\u00ed es que<br>toda oportunidad para ahondar en acciones y coordinar nuevas ideas ser\u00e1 siempre muy<br>valorada\u201d.<br>Por su parte, el director general del Puerto Ushuaia Adri\u00e1n Bleuer agreg\u00f3 \u201cque este tipo<br>de encuentros generan un importante intercambio en torno a los problemas generales que<br>se nos presentan a ambos lados de la cordillera y que es un muy importante conocernos y<br>afianzarnos para poder buscar soluciones conjuntas a dichas problem\u00e1ticas\u201d.<br>El presidente de la asociaci\u00f3n de conductores de camiones Utramag Jaime C\u00e1rdenas,<br>agradeci\u00f3 la invitaci\u00f3n extendida por el seremi para participar en este importante<br>encuentro \u201cFue una reuni\u00f3n muy satisfactoria. Tuvimos la oportunidad de crear redes para<br>gestionar \u2018puentes\u2019 y buscar en conjunto soluciones a los problemas que se nos suscitan<br>en la regi\u00f3n\u201d.<\/p>\n","protected":false},"excerpt":{"rendered":"<p>finaliz\u00f3 el trabajo bilateral del comit\u00e9 Integraci\u00f3n Austral en Punta Arenas, donde elseremi de Transportes y Telecomunicaciones Rodrigo Hern\u00e1ndez lider\u00f3 la mesa deTransporte. \u00abTermina la jornada donde tenemos la oportunidad&#8230; <a class=\"read-more\" href=\"https:\/\/www.radiopresidenteibanez.cl\/web\/exitosa-participacion-de-transporte-y-telecomunicaciones-en-encuentro-del-comite-de-integracion-austral-en-punta-arenas\/\">Leer m\u00e1s<\/a><\/p>\n","protected":false},"author":2,"featured_media":48802,"comment_status":"closed","ping_status":"closed","sticky":false,"template":"","format":"standard","meta":{"footnotes":""},"categories":[1],"tags":[],"class_list":["post-48801","post","type-post","status-publish","format-standard","has-post-thumbnail","hentry","category-cronica"],"_links":{"self":[{"href":"https:\/\/www.radiopresidenteibanez.cl\/web\/wp-json\/wp\/v2\/posts\/48801","targetHints":{"allow":["GET"]}}],"collection":[{"href":"https:\/\/www.radiopresidenteibanez.cl\/web\/wp-json\/wp\/v2\/posts"}],"about":[{"href":"https:\/\/www.radiopresidenteibanez.cl\/web\/wp-json\/wp\/v2\/types\/post"}],"author":[{"embeddable":true,"href":"https:\/\/www.radiopresidenteibanez.cl\/web\/wp-json\/wp\/v2\/users\/2"}],"replies":[{"embeddable":true,"href":"https:\/\/www.radiopresidenteibanez.cl\/web\/wp-json\/wp\/v2\/comments?post=48801"}],"version-history":[{"count":0,"href":"https:\/\/www.radiopresidenteibanez.cl\/web\/wp-json\/wp\/v2\/posts\/48801\/revisions"}],"wp:featuredmedia":[{"embeddable":true,"href":"https:\/\/www.radiopresidenteibanez.cl\/web\/wp-json\/wp\/v2\/media\/48802"}],"wp:attachment":[{"href":"https:\/\/www.radiopresidenteibanez.cl\/web\/wp-json\/wp\/v2\/media?parent=48801"}],"wp:term":[{"taxonomy":"category","embeddable":true,"href":"https:\/\/www.radiopresidenteibanez.cl\/web\/wp-json\/wp\/v2\/categories?post=48801"},{"taxonomy":"post_tag","embeddable":true,"href":"https:\/\/www.radiopresidenteibanez.cl\/web\/wp-json\/wp\/v2\/tags?post=48801"}],"curies":[{"name":"wp","href":"https:\/\/api.w.org\/{rel}","templated":true}]}}