{"id":4880,"date":"2019-06-07T17:45:05","date_gmt":"2019-06-07T17:45:05","guid":{"rendered":"http:\/\/www.radiopresidenteibanez.cl\/web\/?p=4880"},"modified":"2019-06-07T17:45:43","modified_gmt":"2019-06-07T17:45:43","slug":"fue-encontrado-el-cuerpo-de-leonardo-diaz-cardenas-desaparecido-desde-el-fin-de-semana","status":"publish","type":"post","link":"https:\/\/www.radiopresidenteibanez.cl\/web\/fue-encontrado-el-cuerpo-de-leonardo-diaz-cardenas-desaparecido-desde-el-fin-de-semana\/","title":{"rendered":"FUE ENCONTRADO EL CUERPO DE LEONARDO D\u00cdAZ C\u00c1RDENAS DESAPARECIDO DESDE EL FIN DE SEMANA"},"content":{"rendered":"\n<p>Encuentra sin vida en el sector de la bocatoma, a Leonardo Diaz C\u00e1rdenas, quien se encontraba desaparecido desde el pasado fin de semana, el cuerpo fue hallado a 3 kil\u00f3metros hacia el cerro, lugar donde ya hab\u00edan hecho b\u00fasqueda durante las jornadas anteriores.<\/p>\n\n\n\n<figure class=\"wp-block-image\"><img loading=\"lazy\" decoding=\"async\" width=\"800\" height=\"814\" src=\"https:\/\/www.radiopresidenteibanez.cl\/web\/wp-content\/uploads\/2019\/06\/20a76d0b3e5f643c83fad26d84ddb348-730x420.jpg\" alt=\"\" class=\"wp-image-4881\" srcset=\"https:\/\/www.radiopresidenteibanez.cl\/web\/wp-content\/uploads\/2019\/06\/20a76d0b3e5f643c83fad26d84ddb348-730x420.jpg 800w, https:\/\/www.radiopresidenteibanez.cl\/web\/wp-content\/uploads\/2019\/06\/20a76d0b3e5f643c83fad26d84ddb348-730x420-295x300.jpg 295w, https:\/\/www.radiopresidenteibanez.cl\/web\/wp-content\/uploads\/2019\/06\/20a76d0b3e5f643c83fad26d84ddb348-730x420-768x781.jpg 768w\" sizes=\"auto, (max-width: 800px) 100vw, 800px\" \/><\/figure>\n","protected":false},"excerpt":{"rendered":"<p>Encuentra sin vida en el sector de la bocatoma, a Leonardo Diaz C\u00e1rdenas, quien se encontraba desaparecido desde el pasado fin de semana, el cuerpo fue hallado a 3 kil\u00f3metros&#8230; <a class=\"read-more\" href=\"https:\/\/www.radiopresidenteibanez.cl\/web\/fue-encontrado-el-cuerpo-de-leonardo-diaz-cardenas-desaparecido-desde-el-fin-de-semana\/\">Leer m\u00e1s<\/a><\/p>\n","protected":false},"author":2,"featured_media":4881,"comment_status":"closed","ping_status":"closed","sticky":false,"template":"","format":"standard","meta":{"footnotes":""},"categories":[6],"tags":[],"class_list":["post-4880","post","type-post","status-publish","format-standard","has-post-thumbnail","hentry","category-policial"],"_links":{"self":[{"href":"https:\/\/www.radiopresidenteibanez.cl\/web\/wp-json\/wp\/v2\/posts\/4880","targetHints":{"allow":["GET"]}}],"collection":[{"href":"https:\/\/www.radiopresidenteibanez.cl\/web\/wp-json\/wp\/v2\/posts"}],"about":[{"href":"https:\/\/www.radiopresidenteibanez.cl\/web\/wp-json\/wp\/v2\/types\/post"}],"author":[{"embeddable":true,"href":"https:\/\/www.radiopresidenteibanez.cl\/web\/wp-json\/wp\/v2\/users\/2"}],"replies":[{"embeddable":true,"href":"https:\/\/www.radiopresidenteibanez.cl\/web\/wp-json\/wp\/v2\/comments?post=4880"}],"version-history":[{"count":0,"href":"https:\/\/www.radiopresidenteibanez.cl\/web\/wp-json\/wp\/v2\/posts\/4880\/revisions"}],"wp:featuredmedia":[{"embeddable":true,"href":"https:\/\/www.radiopresidenteibanez.cl\/web\/wp-json\/wp\/v2\/media\/4881"}],"wp:attachment":[{"href":"https:\/\/www.radiopresidenteibanez.cl\/web\/wp-json\/wp\/v2\/media?parent=4880"}],"wp:term":[{"taxonomy":"category","embeddable":true,"href":"https:\/\/www.radiopresidenteibanez.cl\/web\/wp-json\/wp\/v2\/categories?post=4880"},{"taxonomy":"post_tag","embeddable":true,"href":"https:\/\/www.radiopresidenteibanez.cl\/web\/wp-json\/wp\/v2\/tags?post=4880"}],"curies":[{"name":"wp","href":"https:\/\/api.w.org\/{rel}","templated":true}]}}