{"id":48786,"date":"2024-05-29T14:28:00","date_gmt":"2024-05-29T17:28:00","guid":{"rendered":"https:\/\/www.radiopresidenteibanez.cl\/web\/?p=48786"},"modified":"2024-05-29T12:32:35","modified_gmt":"2024-05-29T15:32:35","slug":"abren-inscripciones-para-curso-online-de-inteligencia-artificial-para-emprendedores","status":"publish","type":"post","link":"https:\/\/www.radiopresidenteibanez.cl\/web\/abren-inscripciones-para-curso-online-de-inteligencia-artificial-para-emprendedores\/","title":{"rendered":"ABREN INSCRIPCIONES PARA CURSO ONLINE DE INTELIGENCIA ARTIFICIAL PARA EMPRENDEDORES"},"content":{"rendered":"\n<p>\u201cFundamentos profesionales de inteligencia artificial\u201d. As\u00ed se denomina el curso<br>que abordar\u00e1 el rol de esta tecnolog\u00eda y las oportunidades que ofrece en el<br>mundo del trabajo y el emprendimiento.<br>El director regional del FOSIS, Felipe Jeria Palma, manifest\u00f3 que: \u201cestamos<br>impulsando talleres para emprendedores que quieren capacitarse en el uso de la<br>Inteligencia artificial. Entendemos que, en este mundo donde la tecnolog\u00eda est\u00e1<br>avanzando a pasos agigantados, el uso de estas herramientas va a poder<br>permitirles no s\u00f3lo acortar las fechas digitales, sino que tambi\u00e9n potenciar sus<br>negocios y aumentar sus ingresos econ\u00f3micos. En ese sentido lo que buscamos<br>es que las personas emprendedoras que tengan inter\u00e9s en participar en estos<br>talleres puedan inscribirse a trav\u00e9s de la p\u00e1gina web www.face.gob.cl hasta el 12<br>de junio, para que puedan acceder y capacitarse en esta materia\u201d.<br>El curso considera, entre otras cosas, el aprendizaje de la plataforma Microsoft<br>365 Copilot que busca potenciar la creatividad, usando aplicaciones de Microsoft<br>365, como Word, Excel, Teams y Outlook, como tambi\u00e9n se ense\u00f1ar\u00e1n los l\u00edmites<br>\u00e9ticos que existen a la hora de la utilizaci\u00f3n de esta herramienta, para darle el<br>uso correcto para, por ejemplo, vender o publicitar un determinado producto.<br>Las postulaciones estar\u00e1n abiertas hasta el 12 de junio en www.fosis.gob.cl. Los<br>requisitos para inscribirse son ser mayor de 18 a\u00f1os, contar con disponibilidad de<br>tiempo para capacitarte y tener un dispositivo m\u00f3vil o una computadora con<br>conexi\u00f3n a internet para asistir a las clases.<\/p>\n","protected":false},"excerpt":{"rendered":"<p>\u201cFundamentos profesionales de inteligencia artificial\u201d. As\u00ed se denomina el cursoque abordar\u00e1 el rol de esta tecnolog\u00eda y las oportunidades que ofrece en elmundo del trabajo y el emprendimiento.El director regional&#8230; <a class=\"read-more\" href=\"https:\/\/www.radiopresidenteibanez.cl\/web\/abren-inscripciones-para-curso-online-de-inteligencia-artificial-para-emprendedores\/\">Leer m\u00e1s<\/a><\/p>\n","protected":false},"author":2,"featured_media":48787,"comment_status":"closed","ping_status":"closed","sticky":false,"template":"","format":"standard","meta":{"footnotes":""},"categories":[1],"tags":[],"class_list":["post-48786","post","type-post","status-publish","format-standard","has-post-thumbnail","hentry","category-cronica"],"_links":{"self":[{"href":"https:\/\/www.radiopresidenteibanez.cl\/web\/wp-json\/wp\/v2\/posts\/48786","targetHints":{"allow":["GET"]}}],"collection":[{"href":"https:\/\/www.radiopresidenteibanez.cl\/web\/wp-json\/wp\/v2\/posts"}],"about":[{"href":"https:\/\/www.radiopresidenteibanez.cl\/web\/wp-json\/wp\/v2\/types\/post"}],"author":[{"embeddable":true,"href":"https:\/\/www.radiopresidenteibanez.cl\/web\/wp-json\/wp\/v2\/users\/2"}],"replies":[{"embeddable":true,"href":"https:\/\/www.radiopresidenteibanez.cl\/web\/wp-json\/wp\/v2\/comments?post=48786"}],"version-history":[{"count":0,"href":"https:\/\/www.radiopresidenteibanez.cl\/web\/wp-json\/wp\/v2\/posts\/48786\/revisions"}],"wp:featuredmedia":[{"embeddable":true,"href":"https:\/\/www.radiopresidenteibanez.cl\/web\/wp-json\/wp\/v2\/media\/48787"}],"wp:attachment":[{"href":"https:\/\/www.radiopresidenteibanez.cl\/web\/wp-json\/wp\/v2\/media?parent=48786"}],"wp:term":[{"taxonomy":"category","embeddable":true,"href":"https:\/\/www.radiopresidenteibanez.cl\/web\/wp-json\/wp\/v2\/categories?post=48786"},{"taxonomy":"post_tag","embeddable":true,"href":"https:\/\/www.radiopresidenteibanez.cl\/web\/wp-json\/wp\/v2\/tags?post=48786"}],"curies":[{"name":"wp","href":"https:\/\/api.w.org\/{rel}","templated":true}]}}