{"id":48778,"date":"2024-05-29T11:39:00","date_gmt":"2024-05-29T14:39:00","guid":{"rendered":"https:\/\/www.radiopresidenteibanez.cl\/web\/?p=48778"},"modified":"2024-05-29T09:54:19","modified_gmt":"2024-05-29T12:54:19","slug":"base-aerea-antartica-presidente-frei-conmemoro-55-anos-de-apoyo-al-pais-y-a-la-ciencia-en-el-continente-blanco","status":"publish","type":"post","link":"https:\/\/www.radiopresidenteibanez.cl\/web\/base-aerea-antartica-presidente-frei-conmemoro-55-anos-de-apoyo-al-pais-y-a-la-ciencia-en-el-continente-blanco\/","title":{"rendered":"BASE AEREA ANTARTICA PRESIDENTE FREI CONMEMORO 55 A\u00d1OS DE APOYO AL PAIS Y A LA CIENCIA EN EL CONTINENTE BLANCO"},"content":{"rendered":"\n<p>Recordando su historia, el trabajo actual y las proyecciones contempladas, el<br>lunes 27 de mayo se conmemor\u00f3 el 55\u00b0 aniversario de la Base A\u00e9rea Ant\u00e1rtica<br>Presidente Eduardo Frei Montalva, en una ceremonia presidida por el<br>Comandante de la Unidad, Comandante de Grupo (A) Fernando Fontt.<br>La actividad cont\u00f3 con la presencia del Gobernador Mar\u00edtimo de la Ant\u00e1rtica<br>Chilena y Capit\u00e1n de Puerto de Bah\u00eda Fildes, del jefe del Aer\u00f3dromo Teniente<br>Marsh y de los comandantes de las Bases Cient\u00edficas Ant\u00e1rtica Artigas de<br>Uruguay, Cient\u00edfica Carlini de Argentina, Bellingshausen de Rusia, King Sejong de<br>Corea del Sur y Great Wall de la Rep\u00fablica de China. Igualmente, estuvieron<br>presentes los Oficiales, el Personal del Cuadro Permanente y el Personal Civil.<br>En la ocasi\u00f3n se reconoci\u00f3 como Mejor Profesional Militar al Cabo 1\u00b0 Nicol\u00e1s<br>Urriola, mientras que, como Mejor Profesional Civil, al Personal a Contrata Mat\u00edas<br>Lagos. Por su parte, el Sargento 2\u00b0 Marcelo Tapia y el Suboficial Carlos Pav\u00e9z<br>fueron elegidos Mejor Deportista y Mejor Compa\u00f1ero, respectivamente.<br>Tambi\u00e9n se hizo entrega de una condecoraci\u00f3n por 10 a\u00f1os de servicio al Teniente<br>(A) Nicol\u00e1s Ram\u00edrez y al Cabo 2\u00b0 Manuel Pontigo, ambos comisionados en la<br>Ant\u00e1rtica.<br>\u201cEs importante destacar el sobresaliente trabajo realizado en la recuperaci\u00f3n y<br>mantenci\u00f3n de la infraestructura e instalaciones de la Base, tanto por el personal<br>de dotaci\u00f3n como por quienes vienen a apoyarnos en el periodo estival. Todo lo<br>anterior son esfuerzos que contribuyen y reafirman el compromiso institucional con<br>el inter\u00e9s fundamental del Estado de Chile de mantener una presencia activa en el<br>Territorio Ant\u00e1rtico, junto al permanente apoyo a la ciencia y a la exploraci\u00f3n<br>cient\u00edfica con fines de paz\u201d, se\u00f1al\u00f3 en su discurso el Comandante Fontt.<br>Historia<br>A trav\u00e9s de la Orden N\u00b03.207 del Ministerio de Defensa, del 22 de mayo de 1969,<br>se decret\u00f3 la creaci\u00f3n de la Base A\u00e9rea Ant\u00e1rtica Presidente Eduardo Frei<br>Montalva, la que es administrada por la Fuerza A\u00e9rea de Chile a trav\u00e9s de la IV\u00aa<br>Brigada A\u00e9rea.<\/p>\n\n\n\n<p>Con el tiempo, la Base Frei se convirti\u00f3 en la infraestructura ic\u00f3nica de la<br>presencia chilena en el continente blanco, pues es la puerta de entrada y salida a<br>la Pen\u00ednsula Ant\u00e1rtica y el punto m\u00e1s cercano del territorio americano.<br>Esta Base es considerada la de mayor envergadura del territorio ant\u00e1rtico<br>nacional, permite actualmente la realizaci\u00f3n de actividades cient\u00edficas en \u00e1mbitos<br>como la exploraci\u00f3n geol\u00f3gica, los estudios qu\u00edmicos de la trop\u00f3sfera, as\u00ed como el<br>monitoreo de neutrones y el flujo de rayos c\u00f3smicos.<br>La presencia permanente de una aeronave DHC-6 Twin Otter y un helic\u00f3ptero<br>Bell-412 permite realizar operaciones de B\u00fasqueda y Salvamento A\u00e9reo (SAR),<br>adem\u00e1s de evacuaciones aerom\u00e9dicas los 365 d\u00edas del a\u00f1o, con tripulaciones<br>altamente entrenadas para operar en una de las condiciones clim\u00e1ticas y<br>geogr\u00e1ficas m\u00e1s extremas del planeta.<br>Cabe destacar que, en un esfuerzo por prestar un mejor servicio y concretar<br>iniciativas que beneficien las futuras operaciones del pa\u00eds en la Ant\u00e1rtica, desde<br>marzo de 2024 la zona cuenta con acceso a una red p\u00fablica de internet 5G.<\/p>\n","protected":false},"excerpt":{"rendered":"<p>Recordando su historia, el trabajo actual y las proyecciones contempladas, ellunes 27 de mayo se conmemor\u00f3 el 55\u00b0 aniversario de la Base A\u00e9rea Ant\u00e1rticaPresidente Eduardo Frei Montalva, en una ceremonia&#8230; <a class=\"read-more\" href=\"https:\/\/www.radiopresidenteibanez.cl\/web\/base-aerea-antartica-presidente-frei-conmemoro-55-anos-de-apoyo-al-pais-y-a-la-ciencia-en-el-continente-blanco\/\">Leer m\u00e1s<\/a><\/p>\n","protected":false},"author":2,"featured_media":48779,"comment_status":"closed","ping_status":"closed","sticky":false,"template":"","format":"standard","meta":{"footnotes":""},"categories":[1],"tags":[],"class_list":["post-48778","post","type-post","status-publish","format-standard","has-post-thumbnail","hentry","category-cronica"],"_links":{"self":[{"href":"https:\/\/www.radiopresidenteibanez.cl\/web\/wp-json\/wp\/v2\/posts\/48778","targetHints":{"allow":["GET"]}}],"collection":[{"href":"https:\/\/www.radiopresidenteibanez.cl\/web\/wp-json\/wp\/v2\/posts"}],"about":[{"href":"https:\/\/www.radiopresidenteibanez.cl\/web\/wp-json\/wp\/v2\/types\/post"}],"author":[{"embeddable":true,"href":"https:\/\/www.radiopresidenteibanez.cl\/web\/wp-json\/wp\/v2\/users\/2"}],"replies":[{"embeddable":true,"href":"https:\/\/www.radiopresidenteibanez.cl\/web\/wp-json\/wp\/v2\/comments?post=48778"}],"version-history":[{"count":0,"href":"https:\/\/www.radiopresidenteibanez.cl\/web\/wp-json\/wp\/v2\/posts\/48778\/revisions"}],"wp:featuredmedia":[{"embeddable":true,"href":"https:\/\/www.radiopresidenteibanez.cl\/web\/wp-json\/wp\/v2\/media\/48779"}],"wp:attachment":[{"href":"https:\/\/www.radiopresidenteibanez.cl\/web\/wp-json\/wp\/v2\/media?parent=48778"}],"wp:term":[{"taxonomy":"category","embeddable":true,"href":"https:\/\/www.radiopresidenteibanez.cl\/web\/wp-json\/wp\/v2\/categories?post=48778"},{"taxonomy":"post_tag","embeddable":true,"href":"https:\/\/www.radiopresidenteibanez.cl\/web\/wp-json\/wp\/v2\/tags?post=48778"}],"curies":[{"name":"wp","href":"https:\/\/api.w.org\/{rel}","templated":true}]}}