{"id":48722,"date":"2024-05-27T16:55:00","date_gmt":"2024-05-27T19:55:00","guid":{"rendered":"https:\/\/www.radiopresidenteibanez.cl\/web\/?p=48722"},"modified":"2024-05-27T15:29:08","modified_gmt":"2024-05-27T18:29:08","slug":"minvu-convoco-a-jornada-regional-de-actualizacion-de-la-estrategia-nacional-de-construccion-sustentable","status":"publish","type":"post","link":"https:\/\/www.radiopresidenteibanez.cl\/web\/minvu-convoco-a-jornada-regional-de-actualizacion-de-la-estrategia-nacional-de-construccion-sustentable\/","title":{"rendered":"MINVU CONVOCO A JORNADA REGIONAL DE ACTUALIZACION DE LA ESTRATEGIA NACIONAL DE CONSTRUCCION SUSTENTABLE"},"content":{"rendered":"\n<p>La Secretar\u00eda Ejecutiva de Construcci\u00f3n Sustentable del Ministerio de Vivienda y Urbanismo, en conjunto con la Seremi Minvu y el Serviu regional, realizaron una jornada participativa en el marco del proceso de actualizaci\u00f3n de la Estrategia Nacional de Construcci\u00f3n Sustentable, con el fin de elaborar y consensuar los objetivos ambientales y criterios de desarrollo sustentable para dicho instrumento.<\/p>\n\n\n\n<p>Al inicio del taller, el Seremi de Vivienda y Urbanismo, Marco Uribe Saldivia, se\u00f1al\u00f3 \u201cEl trabajo colaborativo interministerial es fundamental para sacar adelante las pol\u00edticas que pretendemos potenciar como gobierno y tambi\u00e9n lo es, contar con la mirada descentralizadora y regional que se logra con el aporte de profesionales de diversas \u00e1reas. En la Regi\u00f3n de Magallanes y de la Ant\u00e1rtica Chilena es distinta la construcci\u00f3n y el \u00e1mbito de la sustentabilidad, que requiere mayores esfuerzos en comparaci\u00f3n a otras regiones\u201d.<\/p>\n\n\n\n<p>El objetivo de estas jornadas, que se est\u00e1n replicando en las 16 regiones del pa\u00eds, es establecer los principales lineamientos para impulsar la integraci\u00f3n del concepto de desarrollo sustentable en el \u00e1rea de la construcci\u00f3n en Chile. Con esto se podr\u00e1 actualizar el documento anterior que perdi\u00f3 su vigencia el a\u00f1o 2020.<\/p>\n\n\n\n<p>En cuanto a los alcances de este proceso, el director regional del Serviu, Omar Gonz\u00e1lez Asenjo, indic\u00f3&nbsp;\u201cPara la conformaci\u00f3n de esta estrategia es relevante que cada regi\u00f3n y cada actor ya sea del sector p\u00fablico, privado y de la academia, pueda dar sus impresiones, debatir, discutir respecto a ella y plantear lo que cada regi\u00f3n espera, para que esta se haga cargo en cuanto a la ejecuci\u00f3n de proyectos y la construcci\u00f3n de viviendas. Esto permitir\u00e1 la sustentabilidad del desarrollo de la construcci\u00f3n que es lo que lo que viene en el futuro y tendremos que afrontar como pa\u00eds\u201d.<\/p>\n\n\n\n<p>La exposici\u00f3n y desarrollo del taller estuvo a cargo de Macarena Ortiz Arrieta, profesional de la Secretar\u00eda Ejecutiva de Construcci\u00f3n Sustentable del Minvu, quien explic\u00f3 los alcances del proceso&nbsp;de actualizaci\u00f3n, con la metodolog\u00eda de Evaluaci\u00f3n Ambiental Estrat\u00e9gica (EAE), para la incorporaci\u00f3n de consideraciones ambientales y sustentables en la formulaci\u00f3n de pol\u00edticas que tengan impacto sobre el medio ambiente y la sustentabilidad, lo que es fundamental para que los beneficios de este sector productivo lleguen a m\u00e1s personas en el pa\u00eds.&nbsp;<\/p>\n\n\n\n<p>La profesional inform\u00f3 \u201cEs importante actualizar esta estrategia ya que se ha detectado que a\u00fan persisten problemas en el sector construcci\u00f3n que es necesario atender de forma urgente. Adem\u00e1s, tenemos un mandato presidencial que nos lleva a realizar esta actualizaci\u00f3n bajo la metodolog\u00eda de la evaluaci\u00f3n ambiental estrat\u00e9gica lo que tambi\u00e9n hace integrar consideraciones ambientales y de sustentabilidad en la formulaci\u00f3n de distintas pol\u00edticas p\u00fablicas\u201d.<\/p>\n\n\n\n<p>Macarena Ortiz Arrieta, calific\u00f3 la jornada como fruct\u00edfera y subray\u00f3 que la estrategia busca responder a importantes desaf\u00edos en el sector construcci\u00f3n, considerando el ciclo de vida de los proyectos de edificaci\u00f3n e infraestructura. \u201cNos enfrentamos a los efectos del cambio clim\u00e1tico, tenemos que atender temas de gesti\u00f3n de riesgos de desastres y esta estrategia establecer\u00e1 lineamientos que permitan hacer frente a todo el contexto nacional e internacional, con problem\u00e1ticas como la escasez h\u00eddrica, contaminaci\u00f3n, calidad del aire, gesti\u00f3n de residuos, detectar por ejemplo, en qu\u00e9 fases de la fabricaci\u00f3n de insumos y del proceso constructivo se producen emisiones\u201d, acot\u00f3.<\/p>\n\n\n\n<p>El primer Convenio Interministerial de Construcci\u00f3n Sustentable fue suscrito el 2012 por los Ministerios de Vivienda y Urbanismo, Medio Ambiente, Obras P\u00fablicas y Energ\u00eda, quienes elaboraron la primera Estrategia Nacional de Construcci\u00f3n Sustentable 2013-2020. En el 2020 se suscribi\u00f3 un nuevo Convenio Marco de Colaboraci\u00f3n sobre Construcci\u00f3n Sustentable, el cual incorpor\u00f3 al Ministerio de Desarrollo Social y Familia, y al Ministerio de Econom\u00eda, Fomento y Turismo y cre\u00f3 las Comisiones Regionales de Construcci\u00f3n Sustentable (CORECS).<\/p>\n","protected":false},"excerpt":{"rendered":"<p>La Secretar\u00eda Ejecutiva de Construcci\u00f3n Sustentable del Ministerio de Vivienda y Urbanismo, en conjunto con la Seremi Minvu y el Serviu regional, realizaron una jornada participativa en el marco del&#8230; <a class=\"read-more\" href=\"https:\/\/www.radiopresidenteibanez.cl\/web\/minvu-convoco-a-jornada-regional-de-actualizacion-de-la-estrategia-nacional-de-construccion-sustentable\/\">Leer m\u00e1s<\/a><\/p>\n","protected":false},"author":2,"featured_media":48723,"comment_status":"closed","ping_status":"closed","sticky":false,"template":"","format":"standard","meta":{"footnotes":""},"categories":[1],"tags":[],"class_list":["post-48722","post","type-post","status-publish","format-standard","has-post-thumbnail","hentry","category-cronica"],"_links":{"self":[{"href":"https:\/\/www.radiopresidenteibanez.cl\/web\/wp-json\/wp\/v2\/posts\/48722","targetHints":{"allow":["GET"]}}],"collection":[{"href":"https:\/\/www.radiopresidenteibanez.cl\/web\/wp-json\/wp\/v2\/posts"}],"about":[{"href":"https:\/\/www.radiopresidenteibanez.cl\/web\/wp-json\/wp\/v2\/types\/post"}],"author":[{"embeddable":true,"href":"https:\/\/www.radiopresidenteibanez.cl\/web\/wp-json\/wp\/v2\/users\/2"}],"replies":[{"embeddable":true,"href":"https:\/\/www.radiopresidenteibanez.cl\/web\/wp-json\/wp\/v2\/comments?post=48722"}],"version-history":[{"count":0,"href":"https:\/\/www.radiopresidenteibanez.cl\/web\/wp-json\/wp\/v2\/posts\/48722\/revisions"}],"wp:featuredmedia":[{"embeddable":true,"href":"https:\/\/www.radiopresidenteibanez.cl\/web\/wp-json\/wp\/v2\/media\/48723"}],"wp:attachment":[{"href":"https:\/\/www.radiopresidenteibanez.cl\/web\/wp-json\/wp\/v2\/media?parent=48722"}],"wp:term":[{"taxonomy":"category","embeddable":true,"href":"https:\/\/www.radiopresidenteibanez.cl\/web\/wp-json\/wp\/v2\/categories?post=48722"},{"taxonomy":"post_tag","embeddable":true,"href":"https:\/\/www.radiopresidenteibanez.cl\/web\/wp-json\/wp\/v2\/tags?post=48722"}],"curies":[{"name":"wp","href":"https:\/\/api.w.org\/{rel}","templated":true}]}}