{"id":4870,"date":"2019-06-07T15:16:03","date_gmt":"2019-06-07T15:16:03","guid":{"rendered":"http:\/\/www.radiopresidenteibanez.cl\/web\/?p=4870"},"modified":"2019-06-07T15:16:37","modified_gmt":"2019-06-07T15:16:37","slug":"ministerio-de-vivienda-y-urbanismo-inicio-el-diseno-participativo-de-plaza-bernardo-ohiggins-en-puerto-williams","status":"publish","type":"post","link":"https:\/\/www.radiopresidenteibanez.cl\/web\/ministerio-de-vivienda-y-urbanismo-inicio-el-diseno-participativo-de-plaza-bernardo-ohiggins-en-puerto-williams\/","title":{"rendered":"MINISTERIO DE VIVIENDA Y URBANISMO INICI\u00d3 EL DISE\u00d1O PARTICIPATIVO DE PLAZA BERNARDO O\u2019HIGGINS EN PUERTO WILLIAMS"},"content":{"rendered":"\n<p>Ubicada en isla Navarino, a orillas del Canal Beagle, la ciudad de Puerto Williams se caracteriza por su paisaje pr\u00edstino y constituir parte del territorio de la cultura yag\u00e1n. En este lugar extremo, el Minvu se encuentra desarrollando el dise\u00f1o del mejoramiento de la plaza Bernardo O\u2019Higgins, ubicada frente al Liceo Donald Mc Intre Griffiths, en un entorno residencial y de servicios.&nbsp;<\/p>\n\n\n\n<p>El Director Regional del Serviu, Dubalio P\u00e9rez Ruiz, indic\u00f3 su satisfacci\u00f3n por el inicio de este proyecto \u201cLa Plaza Bernardo O\u2019Higgins no estaba conformada como tal, pese a que concentra las principales actividades de la comuna. Es un \u00e1rea a intervenir de 2 mil metros cuadrados aproximadamente, all\u00ed la consultora Arquing Limitada est\u00e1 realizando el dise\u00f1o con 34 millones de pesos. Nuestra intenci\u00f3n es que el dise\u00f1o se desarrolle de manera participativa, que la plaza sea conformada con la comunidad, as\u00ed es que se desarrollar\u00e1n encuestas y otras jornadas para que la comunidad est\u00e9 informada y se defina c\u00f3mo es la plaza que quieren\u201d.<\/p>\n\n\n\n<p>La consultora a cargo del contrato, elaborar\u00e1 un diagn\u00f3stico en base a la aplicaci\u00f3n de encuestas individuales a una muestra representativa de la comunidad, focus group con actores relevantes y grupos espec\u00edficos de usuarios, como adultos mayores, mujeres y personas en situaci\u00f3n de discapacidad; un taller did\u00e1ctico dirigido a ni\u00f1os, ni\u00f1as y adolescentes y las opiniones expresadas en la primera jornada de participaci\u00f3n ciudadana efectuada la semana pasada.<\/p>\n\n\n\n<p>Respecto a la postulaci\u00f3n de este proyecto, el alcalde de Cabo de Hornos, Patricio Fern\u00e1ndez Alarc\u00f3n inform\u00f3 \u201cDurante esta gesti\u00f3n nos hemos dedicado a recoger las inquietudes de la comunidad. Es as\u00ed como el primer a\u00f1o de gesti\u00f3n, presentamos el proyecto al Minvu, el cu\u00e1l fue seleccionado el 2018 y durante este a\u00f1o ya nos vemos en la etapa de participaci\u00f3n ciudadana con la comunidad de Puerto Williams. Hoy d\u00eda, que tenemos la calidad de ciudad, tenemos que dar una mirada de encanto para que la comunidad vea reflejados sus intereses en esta plaza ciudadana\u201d.<\/p>\n\n\n\n<p>El dise\u00f1o podr\u00e1 incorporar paisajismo, mobiliario, iluminaci\u00f3n, juegos infantiles y elementos de accesibilidad universal de acuerdo a la normativa vigente.<\/p>\n\n\n\n<figure class=\"wp-block-image\"><img loading=\"lazy\" decoding=\"async\" width=\"1000\" height=\"750\" src=\"https:\/\/www.radiopresidenteibanez.cl\/web\/wp-content\/uploads\/2019\/06\/plaza-puerto-williams-1.jpg\" alt=\"\" class=\"wp-image-4871\" srcset=\"https:\/\/www.radiopresidenteibanez.cl\/web\/wp-content\/uploads\/2019\/06\/plaza-puerto-williams-1.jpg 1000w, https:\/\/www.radiopresidenteibanez.cl\/web\/wp-content\/uploads\/2019\/06\/plaza-puerto-williams-1-300x225.jpg 300w, https:\/\/www.radiopresidenteibanez.cl\/web\/wp-content\/uploads\/2019\/06\/plaza-puerto-williams-1-768x576.jpg 768w\" sizes=\"auto, (max-width: 1000px) 100vw, 1000px\" \/><\/figure>\n","protected":false},"excerpt":{"rendered":"<p>Ubicada en isla Navarino, a orillas del Canal Beagle, la ciudad de Puerto Williams se caracteriza por su paisaje pr\u00edstino y constituir parte del territorio de la cultura yag\u00e1n. En&#8230; <a class=\"read-more\" href=\"https:\/\/www.radiopresidenteibanez.cl\/web\/ministerio-de-vivienda-y-urbanismo-inicio-el-diseno-participativo-de-plaza-bernardo-ohiggins-en-puerto-williams\/\">Leer m\u00e1s<\/a><\/p>\n","protected":false},"author":2,"featured_media":4871,"comment_status":"closed","ping_status":"closed","sticky":false,"template":"","format":"standard","meta":{"footnotes":""},"categories":[1],"tags":[],"class_list":["post-4870","post","type-post","status-publish","format-standard","has-post-thumbnail","hentry","category-cronica"],"_links":{"self":[{"href":"https:\/\/www.radiopresidenteibanez.cl\/web\/wp-json\/wp\/v2\/posts\/4870","targetHints":{"allow":["GET"]}}],"collection":[{"href":"https:\/\/www.radiopresidenteibanez.cl\/web\/wp-json\/wp\/v2\/posts"}],"about":[{"href":"https:\/\/www.radiopresidenteibanez.cl\/web\/wp-json\/wp\/v2\/types\/post"}],"author":[{"embeddable":true,"href":"https:\/\/www.radiopresidenteibanez.cl\/web\/wp-json\/wp\/v2\/users\/2"}],"replies":[{"embeddable":true,"href":"https:\/\/www.radiopresidenteibanez.cl\/web\/wp-json\/wp\/v2\/comments?post=4870"}],"version-history":[{"count":0,"href":"https:\/\/www.radiopresidenteibanez.cl\/web\/wp-json\/wp\/v2\/posts\/4870\/revisions"}],"wp:featuredmedia":[{"embeddable":true,"href":"https:\/\/www.radiopresidenteibanez.cl\/web\/wp-json\/wp\/v2\/media\/4871"}],"wp:attachment":[{"href":"https:\/\/www.radiopresidenteibanez.cl\/web\/wp-json\/wp\/v2\/media?parent=4870"}],"wp:term":[{"taxonomy":"category","embeddable":true,"href":"https:\/\/www.radiopresidenteibanez.cl\/web\/wp-json\/wp\/v2\/categories?post=4870"},{"taxonomy":"post_tag","embeddable":true,"href":"https:\/\/www.radiopresidenteibanez.cl\/web\/wp-json\/wp\/v2\/tags?post=4870"}],"curies":[{"name":"wp","href":"https:\/\/api.w.org\/{rel}","templated":true}]}}