{"id":48693,"date":"2024-05-27T09:27:00","date_gmt":"2024-05-27T12:27:00","guid":{"rendered":"https:\/\/www.radiopresidenteibanez.cl\/web\/?p=48693"},"modified":"2024-05-27T08:20:23","modified_gmt":"2024-05-27T11:20:23","slug":"comienza-tercera-etapa-del-segundo-concurso-de-taxis-en-punta-arenas","status":"publish","type":"post","link":"https:\/\/www.radiopresidenteibanez.cl\/web\/comienza-tercera-etapa-del-segundo-concurso-de-taxis-en-punta-arenas\/","title":{"rendered":"COMIENZA TERCERA ETAPA DEL SEGUNDO CONCURSO DE TAXIS EN PUNTA ARENAS"},"content":{"rendered":"\n<p>\u201c223 postulaciones se recibieron en el segundo concurso de taxis, para ampliar el parque de veh\u00edculos de pasajeros en la capital regional. Son 114 cupos los que se crearon para esta segunda oportunidad y desde el lunes comienza la tercera etapa del proceso, que consiste en que las y los postulantes ingresen el sitio web de la postulaci\u00f3n y revisen si resultaron con<br>observaciones que deben subsanar, aceptados o rechazados\u201d, inform\u00f3 este viernes el seremi de<br>Transportes y Telecomunicaciones Rodrigo Hern\u00e1ndez Navarro.<br>En esta ocasi\u00f3n, la primera priorizaci\u00f3n se dar\u00e1 a 12 personas pertenecientes a un pueblo<br>originario, con discapacidad o cuidadoras de personas con discapacidad. El resto de los cupos, se destinaron 50% a hombres y 50% a mujeres.<br>El llamado que hizo la autoridad fue a revisar tempranamente el resultado para poder realizar los<br>tr\u00e1mites en el caso que haya sido observada la postulaci\u00f3n, para poder mantenerse en carrera.<br>Son 6 d\u00edas h\u00e1biles con los que cuentan los postulantes para responder dichas observaciones, desde el lunes 27 de mayo hasta el lunes 3 de junio inclusive.<br>El sitio para conocer los resultados de esta parte del proceso y los pasos que siguen es<br>www.mtt.gob.cl\/concursotaxi . Personal de la secretar\u00eda regional se encuentra contactando a las<br>personas que postularon, \u201cpara que est\u00e9n atentas y atentos al llamado\u201d se\u00f1al\u00f3 el seremi<br>Hern\u00e1ndez.<br>Estos 114 cupos en el parque de taxis b\u00e1sicos de Punta Arenas se vienen a sumar a los 120 que se otorgaron el a\u00f1o 2023, ocasi\u00f3n en la que se incluyeron taxis ejecutivos que ya cumplir\u00e1n un a\u00f1o prestando servicios en esta ciudad austral.<\/p>\n","protected":false},"excerpt":{"rendered":"<p>\u201c223 postulaciones se recibieron en el segundo concurso de taxis, para ampliar el parque de veh\u00edculos de pasajeros en la capital regional. Son 114 cupos los que se crearon para&#8230; <a class=\"read-more\" href=\"https:\/\/www.radiopresidenteibanez.cl\/web\/comienza-tercera-etapa-del-segundo-concurso-de-taxis-en-punta-arenas\/\">Leer m\u00e1s<\/a><\/p>\n","protected":false},"author":2,"featured_media":48694,"comment_status":"closed","ping_status":"closed","sticky":false,"template":"","format":"standard","meta":{"footnotes":""},"categories":[1],"tags":[],"class_list":["post-48693","post","type-post","status-publish","format-standard","has-post-thumbnail","hentry","category-cronica"],"_links":{"self":[{"href":"https:\/\/www.radiopresidenteibanez.cl\/web\/wp-json\/wp\/v2\/posts\/48693","targetHints":{"allow":["GET"]}}],"collection":[{"href":"https:\/\/www.radiopresidenteibanez.cl\/web\/wp-json\/wp\/v2\/posts"}],"about":[{"href":"https:\/\/www.radiopresidenteibanez.cl\/web\/wp-json\/wp\/v2\/types\/post"}],"author":[{"embeddable":true,"href":"https:\/\/www.radiopresidenteibanez.cl\/web\/wp-json\/wp\/v2\/users\/2"}],"replies":[{"embeddable":true,"href":"https:\/\/www.radiopresidenteibanez.cl\/web\/wp-json\/wp\/v2\/comments?post=48693"}],"version-history":[{"count":0,"href":"https:\/\/www.radiopresidenteibanez.cl\/web\/wp-json\/wp\/v2\/posts\/48693\/revisions"}],"wp:featuredmedia":[{"embeddable":true,"href":"https:\/\/www.radiopresidenteibanez.cl\/web\/wp-json\/wp\/v2\/media\/48694"}],"wp:attachment":[{"href":"https:\/\/www.radiopresidenteibanez.cl\/web\/wp-json\/wp\/v2\/media?parent=48693"}],"wp:term":[{"taxonomy":"category","embeddable":true,"href":"https:\/\/www.radiopresidenteibanez.cl\/web\/wp-json\/wp\/v2\/categories?post=48693"},{"taxonomy":"post_tag","embeddable":true,"href":"https:\/\/www.radiopresidenteibanez.cl\/web\/wp-json\/wp\/v2\/tags?post=48693"}],"curies":[{"name":"wp","href":"https:\/\/api.w.org\/{rel}","templated":true}]}}