{"id":48642,"date":"2024-05-24T11:55:00","date_gmt":"2024-05-24T14:55:00","guid":{"rendered":"https:\/\/www.radiopresidenteibanez.cl\/web\/?p=48642"},"modified":"2024-05-24T10:47:43","modified_gmt":"2024-05-24T13:47:43","slug":"con-nuevos-actores-y-un-programa-que-cubre-las-cuatro-provincias-se-celebraran-los-25-anos-del-dia-de-los-patrimonios","status":"publish","type":"post","link":"https:\/\/www.radiopresidenteibanez.cl\/web\/con-nuevos-actores-y-un-programa-que-cubre-las-cuatro-provincias-se-celebraran-los-25-anos-del-dia-de-los-patrimonios\/","title":{"rendered":"CON NUEVOS ACTORES Y UN PROGRAMA QUE CUBRE LAS CUATRO PROVINCIAS SE CELEBRARAN LOS 25 A\u00d1OS DEL DIA DE LOS PATRIMONIOS"},"content":{"rendered":"\n<p>La&nbsp;celebraci\u00f3n fue instaurada en abril de 1999 para promover el disfrute, conocimiento y reflexi\u00f3n ciudadana sobre los patrimonios en Chile, posicion\u00e1ndose&nbsp;como uno de los eventos culturales m\u00e1s importantes de nuestro pa\u00eds.&nbsp;<\/p>\n\n\n\n<p>Este hito es coordinado por el Ministerio de las Culturas, las Artes y el Patrimonio, a trav\u00e9s del Servicio del Patrimonio Cultural e impulsado por organizaciones p\u00fablicas, privadas y de la sociedad civil, que dieron a conocer parte de la programaci\u00f3n en una actividad realizada en la Casa de los Intendentes&nbsp;de Punta Arenas.Encabezado por el seremi Gobierno, Andro Mimica, la seremi&nbsp;de las Culturas, las Artes y el Patrimonio, Carolina Herrera, junto al director regional del Servicio Nacional del Patrimonio Cultural, Pablo Quercia, el encuentro cont\u00f3 con la participaci\u00f3n&nbsp;de representantes de diversas entidades que participar\u00e1n con actividades que ya se han vuelto tradici\u00f3n, como Enap,&nbsp;Inach, Museo Maggiorino Borgatello y Casa Azul del Arte, y otras nuevas, tales como Agrupaci\u00f3n de Artesanos y Manualistas, Amigos del Centro Juan Wesley, Iglesia Anglicana Saint James, Junta de Vecinos de la Poblaci\u00f3n Fitz Roy y&nbsp;Anef Magallanes. Asimismo, es la primera oportunidad en que se realizar\u00e1 una actividad binacional, con el estreno en Puerto Natales&nbsp;<\/p>\n\n\n\n<p>del documental \u00abMadres del Carb\u00f3n\u00bb que releva la participaci\u00f3n femenina en la historia y desarrollo de la&nbsp;llamada cuenca carbon\u00edfera lim\u00edtrofe con dicha ciudad.El seremi de Gobierno, Andro Mimica, expres\u00f3 su agradecimiento \u00aba&nbsp;la sociedad civil en su conjunto, a las organizaciones privadas, pero tambi\u00e9n al Estado. Cuando trabajamos juntos podemos sacar adelante temas tan importantes como el D\u00eda del Patrimonio Cultural. S<\/p>\n\n\n\n<p>on 25 a\u00f1os de la fiesta cultural m\u00e1s importante del pa\u00eds que recorre desde Arica a Magallanes y en nuestra regi\u00f3n tenemos numerosas&nbsp;iniciativas que van desarroll\u00e1ndose desde la cultura,&nbsp;las artes&nbsp;y la entretenci\u00f3n, as\u00ed es que invitamos a toda la familia&nbsp;a participar, porque es un trabajo que se ha hecho con mucho esfuerzo y se pone a disposici\u00f3n de la ciudadan\u00eda para poder unir y seguir trabajando en conjunto para mejorar la calidad de vida de los chilenos y chilenas\u00bb.<br>Por su parte, la seremi de las Culturas, las Artes y el Patrimonio, Carolina Herrera, expres\u00f3 su satisfacci\u00f3n pues \u00abse cumplen 25 a\u00f1os del D\u00eda del Patrimonio, que parti\u00f3 t\u00edmidamente en Santiago abriendo&nbsp;algunos edificios p\u00fablicos y ahora tenemos esta gran fiesta que la ciudadan\u00eda espera el \u00faltimo fin de semana de mayo. Es una fiesta en que se ha logrado instalar que el patrimonio no son solo los edificios antiguos y los museos, sino que tambi\u00e9n es el patrimonio inmaterial, las tradiciones, los juegos que son parte de nuestro territorio\u00bb.&nbsp;<br>En tanto, el director regional del Serpat, Pablo Quercia, destac\u00f3 \u00abel notable compromiso y la cantidad de iniciativas que se han adherido a esta fiesta. Estamos muy contentos porque se visibilizan patrimonios de diferentes localidades y&nbsp;\u00e1reas, como patrimonio natural, herencia y conocimientos ancestrales, oficios, iniciativas barriales y de juntas de vecinos, que van construyendo una identidad regional,&nbsp;<\/p>\n\n\n\n<p>porque nos reconocemos en este patrimonio. Invitamos a la comunidad a revisar la agenda en el sitio web para que armen su propio itinerario y nos acompa\u00f1en este fin de semana\u00bb.Las unidades del Serpat inscribieron 12 actividades organizadas por la&nbsp;Direcci\u00f3n Regional, Coordinaci\u00f3n Regional de Bibliotecas P\u00fablicas, Museo Regional de Magallanes, Biblioteca P\u00fablica 47, Oficina T\u00e9cnica del Consejo de Monumentos Nacionales,&nbsp;Museo Territorial Yagan Usi y&nbsp;Patrimonio Cultural Inmaterial.&nbsp;<br>La plataforma de inscripci\u00f3n refleja 90 actividades para la&nbsp;Regi\u00f3n de Magallanes y Ant\u00e1rtica Chilena, a cargo de&nbsp;m\u00e1s de 60&nbsp;organizaciones p\u00fablicas y privadas con presencia en las cuatro provincias y&nbsp;siete&nbsp;de las diez comunas con administraci\u00f3n municipal. As\u00ed, el desglose por&nbsp;cobertura territorial es: Punta Arenas, 61; Puerto Natales, 10; Torres del Paine, 4; Primavera, 4; Porvenir; 4; Cabo de Hornos, 5,&nbsp;y Timaukel, 2.&nbsp;Todos&nbsp;los detalles de las&nbsp;iniciativas est\u00e1n&nbsp;disponibles en el sitio web&nbsp;<a href=\"https:\/\/www.diadelospatrimonios.cl\/\" rel=\"noreferrer noopener\" target=\"_blank\">https:\/\/www.diadelospatrimonios.cl\/<\/a>,&nbsp;plataforma que este a\u00f1o presenta varias mejoras, permitiendo&nbsp;filtrar por d\u00eda, comuna, tipo de actividad,&nbsp;accesibilidad, enfoque de g\u00e9nero,&nbsp; actividades&nbsp;para ni\u00f1os y ni\u00f1as, y realizadas&nbsp;por pueblos originarios.<\/p>\n","protected":false},"excerpt":{"rendered":"<p>La&nbsp;celebraci\u00f3n fue instaurada en abril de 1999 para promover el disfrute, conocimiento y reflexi\u00f3n ciudadana sobre los patrimonios en Chile, posicion\u00e1ndose&nbsp;como uno de los eventos culturales m\u00e1s importantes de nuestro&#8230; <a class=\"read-more\" href=\"https:\/\/www.radiopresidenteibanez.cl\/web\/con-nuevos-actores-y-un-programa-que-cubre-las-cuatro-provincias-se-celebraran-los-25-anos-del-dia-de-los-patrimonios\/\">Leer m\u00e1s<\/a><\/p>\n","protected":false},"author":2,"featured_media":48643,"comment_status":"closed","ping_status":"closed","sticky":false,"template":"","format":"standard","meta":{"footnotes":""},"categories":[1],"tags":[],"class_list":["post-48642","post","type-post","status-publish","format-standard","has-post-thumbnail","hentry","category-cronica"],"_links":{"self":[{"href":"https:\/\/www.radiopresidenteibanez.cl\/web\/wp-json\/wp\/v2\/posts\/48642","targetHints":{"allow":["GET"]}}],"collection":[{"href":"https:\/\/www.radiopresidenteibanez.cl\/web\/wp-json\/wp\/v2\/posts"}],"about":[{"href":"https:\/\/www.radiopresidenteibanez.cl\/web\/wp-json\/wp\/v2\/types\/post"}],"author":[{"embeddable":true,"href":"https:\/\/www.radiopresidenteibanez.cl\/web\/wp-json\/wp\/v2\/users\/2"}],"replies":[{"embeddable":true,"href":"https:\/\/www.radiopresidenteibanez.cl\/web\/wp-json\/wp\/v2\/comments?post=48642"}],"version-history":[{"count":0,"href":"https:\/\/www.radiopresidenteibanez.cl\/web\/wp-json\/wp\/v2\/posts\/48642\/revisions"}],"wp:featuredmedia":[{"embeddable":true,"href":"https:\/\/www.radiopresidenteibanez.cl\/web\/wp-json\/wp\/v2\/media\/48643"}],"wp:attachment":[{"href":"https:\/\/www.radiopresidenteibanez.cl\/web\/wp-json\/wp\/v2\/media?parent=48642"}],"wp:term":[{"taxonomy":"category","embeddable":true,"href":"https:\/\/www.radiopresidenteibanez.cl\/web\/wp-json\/wp\/v2\/categories?post=48642"},{"taxonomy":"post_tag","embeddable":true,"href":"https:\/\/www.radiopresidenteibanez.cl\/web\/wp-json\/wp\/v2\/tags?post=48642"}],"curies":[{"name":"wp","href":"https:\/\/api.w.org\/{rel}","templated":true}]}}