{"id":48639,"date":"2024-05-24T10:43:00","date_gmt":"2024-05-24T13:43:00","guid":{"rendered":"https:\/\/www.radiopresidenteibanez.cl\/web\/?p=48639"},"modified":"2024-05-24T10:06:18","modified_gmt":"2024-05-24T13:06:18","slug":"sernac-firma-convenio-con-la-municipalidad-de-rio-verde-para-mayor-proteccion-de-las-personas-consumidoras","status":"publish","type":"post","link":"https:\/\/www.radiopresidenteibanez.cl\/web\/sernac-firma-convenio-con-la-municipalidad-de-rio-verde-para-mayor-proteccion-de-las-personas-consumidoras\/","title":{"rendered":"SERNAC FIRMA CONVENIO CON LA MUNICIPALIDAD DE R\u00cdO VERDE PARA MAYOR PROTECCI\u00d3N DE LAS PERSONAS CONSUMIDORAS"},"content":{"rendered":"\n<p>La Direcci\u00f3n Regional del SERNAC y la Municipalidad de Rio Verde firmaron un Convenio de Colaboraci\u00f3n que compromete a ambas instituciones a desarrollar diversas iniciativas destinadas a promover la educaci\u00f3n y proteger los derechos de las personas consumidores m\u00e1s vulnerables de la Regi\u00f3n de Magallanes y la Ant\u00e1rtida Chilena.<\/p>\n\n\n\n<p>Entre los objetivos del acuerdo, SERNAC se compromete a realizar actividades de formaci\u00f3n dirigidas al personal de la Municipalidad de R\u00edo Verde que consideren: inducci\u00f3n, capacitaci\u00f3n, pasant\u00edas, encuentros de trabajo, talleres y, en general, cualquier actividad que permita transferir conocimientos a las personas funcionarias.<\/p>\n\n\n\n<p>Mientras que, la Municipalidad facilitar\u00e1 un espacio de atenci\u00f3n para los consumidores que desean interponer un reclamo, adem\u00e1s de incentivar la ejecuci\u00f3n de programas, proyectos y actividades conjuntas, en campos de inter\u00e9s com\u00fan, tales como la educaci\u00f3n financiera y la educaci\u00f3n para el consumo sostenible. La Alcaldesa, Sabina Ballesteros, indic\u00f3 \u201cestamos contentos porque hoy d\u00eda hemos podido trabajar junto a su Directora Pamela, este Convenio de Colaboraci\u00f3n, que intenta acercar los servicios p\u00fablicos, en esta ocasi\u00f3n el SERNAC, a la comuna de R\u00edo Verde, con el objeto que desde ac\u00e1 podamos trabajar y colaborar hacia la Ley del Consumidor con la ciudadan\u00eda, de alguna forma acercando al ciudadano al SERNAC para hacer alg\u00fan tipo de reclamo e inclusive alguna consulta. As\u00ed que contentos y entusiasmados con este proceso de descentralizaci\u00f3n.<\/p>\n\n\n\n<p>La Directora Regional del SERNAC, Pamela Ram\u00edrez, se\u00f1al\u00f3 que, \u201cla importancia de este convenio radica en acercar la gesti\u00f3n del Servicio a comunidades lejanas territorialmente y con dificultades de conectividad. Por un lado, las personas vecinas de R\u00edo Verde, podr\u00e1n ser orientadas y atendidas en su propia comuna cuando enfrenten problemas al comprar productos o contratar servicios, y por otro; nos hemos comprometido a implementar en conjunto diversas acciones, como actividades de difusi\u00f3n, promoci\u00f3n, charlas, talleres y actividades educativas para ser desarrolladas en la comuna\u201d sostuvo la autoridad.<\/p>\n","protected":false},"excerpt":{"rendered":"<p>La Direcci\u00f3n Regional del SERNAC y la Municipalidad de Rio Verde firmaron un Convenio de Colaboraci\u00f3n que compromete a ambas instituciones a desarrollar diversas iniciativas destinadas a promover la educaci\u00f3n&#8230; <a class=\"read-more\" href=\"https:\/\/www.radiopresidenteibanez.cl\/web\/sernac-firma-convenio-con-la-municipalidad-de-rio-verde-para-mayor-proteccion-de-las-personas-consumidoras\/\">Leer m\u00e1s<\/a><\/p>\n","protected":false},"author":2,"featured_media":48640,"comment_status":"closed","ping_status":"closed","sticky":false,"template":"","format":"standard","meta":{"footnotes":""},"categories":[1],"tags":[],"class_list":["post-48639","post","type-post","status-publish","format-standard","has-post-thumbnail","hentry","category-cronica"],"_links":{"self":[{"href":"https:\/\/www.radiopresidenteibanez.cl\/web\/wp-json\/wp\/v2\/posts\/48639","targetHints":{"allow":["GET"]}}],"collection":[{"href":"https:\/\/www.radiopresidenteibanez.cl\/web\/wp-json\/wp\/v2\/posts"}],"about":[{"href":"https:\/\/www.radiopresidenteibanez.cl\/web\/wp-json\/wp\/v2\/types\/post"}],"author":[{"embeddable":true,"href":"https:\/\/www.radiopresidenteibanez.cl\/web\/wp-json\/wp\/v2\/users\/2"}],"replies":[{"embeddable":true,"href":"https:\/\/www.radiopresidenteibanez.cl\/web\/wp-json\/wp\/v2\/comments?post=48639"}],"version-history":[{"count":0,"href":"https:\/\/www.radiopresidenteibanez.cl\/web\/wp-json\/wp\/v2\/posts\/48639\/revisions"}],"wp:featuredmedia":[{"embeddable":true,"href":"https:\/\/www.radiopresidenteibanez.cl\/web\/wp-json\/wp\/v2\/media\/48640"}],"wp:attachment":[{"href":"https:\/\/www.radiopresidenteibanez.cl\/web\/wp-json\/wp\/v2\/media?parent=48639"}],"wp:term":[{"taxonomy":"category","embeddable":true,"href":"https:\/\/www.radiopresidenteibanez.cl\/web\/wp-json\/wp\/v2\/categories?post=48639"},{"taxonomy":"post_tag","embeddable":true,"href":"https:\/\/www.radiopresidenteibanez.cl\/web\/wp-json\/wp\/v2\/tags?post=48639"}],"curies":[{"name":"wp","href":"https:\/\/api.w.org\/{rel}","templated":true}]}}