{"id":48636,"date":"2024-05-24T09:57:00","date_gmt":"2024-05-24T12:57:00","guid":{"rendered":"https:\/\/www.radiopresidenteibanez.cl\/web\/?p=48636"},"modified":"2024-05-24T08:24:43","modified_gmt":"2024-05-24T11:24:43","slug":"de-recuerdos-y-caminos-un-horizonte-abarque-lejos-se-fueron-mis-ojos-como-rastreando-el-ayer-canta-alfredo-zitarroza","status":"publish","type":"post","link":"https:\/\/www.radiopresidenteibanez.cl\/web\/de-recuerdos-y-caminos-un-horizonte-abarque-lejos-se-fueron-mis-ojos-como-rastreando-el-ayer-canta-alfredo-zitarroza\/","title":{"rendered":"De recuerdos y caminos un horizonte abarque lejos se fueron mis ojos como rastreando el ayer..\u00bb canta Alfredo Zitarroza"},"content":{"rendered":"\n<p>&nbsp;Dice La Tercera en su edici\u00f3n on line del 22 de mayo: \u00abAutor de incendio a Iglesia de Carabineros es condenado a 10 a\u00f1os de presidio efectivo\u00bb y nos servimos de esta noticia para insistir por en\u00e9sima vez en esta afirmaci\u00f3n tan popular como real y efectiva: \u00abel chancho sigue estando mal pelado\u00bb.<br>En efecto, si consideramos s\u00f3lo algunas noticias que han antecedido a esta, podemos tener clara noci\u00f3n de lo que afirmamos. La justicia no es igual para todos y hay algunos ejemplos para probarlo. Veamos:<br>Dice una noticia reciente que un ex comandante en jefe del ej\u00e9rcito fue absuelto de las acusaciones de malversaci\u00f3n y mal uso de dineros p\u00fablicos, principalmente porque la Fiscal\u00eda no present\u00f3 todas las pruebas que probaran dicha acusaci\u00f3n.<br>\u00bfAlguien puede explicar como una acusaci\u00f3n llega a tribunales sin que previamente se hayan hecho las indagatorias y probado con certeza las denuncias?<br>Sin ser expertos, es claro que todo huele a podrido y m\u00e1s de algo se movi\u00f3 entre bastidores para dejar sin sanci\u00f3n un acto grave, m\u00e1s a\u00fan viniendo de una alta ex autoridad castrense.<br>Y si eso no es suficiente tengamos a la vista el caso de otro ex comandante en jefe del ej\u00e9rcito, quien fue condenado a 5 a\u00f1os de libertad vigilada, vale decir no pasar\u00e1 ning\u00fan d\u00eda en la c\u00e1rcel por los delitos en que fue acusado.<br>En efecto, el alto ex militar fue sancionado a esa irrisoria pena en su calidad de c\u00f3mplice de \u00a1\u00a115 homicidios!!<\/p>\n\n\n\n<p>2.- Para cerrar este cap\u00edtulo de la poca calidad de la justicia, la misma que siempre protege a los que m\u00e1s tienen, tenemos el caso del mayor que fue el jefe de la misi\u00f3n en Antuco que signific\u00f3 la p\u00e9rdida de casi una cincuentena de vidas, en su abrumadora mayor\u00eda conscriptos que hac\u00edan su servicio militar.<br>Fue condenado a cinco a\u00f1os de c\u00e1rcel, pena que pag\u00f3 en Punta Peuco aunque solo estuvo 3 a\u00f1os, pues los otros 2 tambi\u00e9n los cumpli\u00f3 en libertad vigilada.<br>Radio Bio Bio inform\u00f3 que dicho militar fue contratado por la Escuela Militar para dar charlas sobre la guerra declarada por Israel contra el pueblo palestino.<br>\u00bfLa justicia es igual para todos? Pamplinas<\/p>\n","protected":false},"excerpt":{"rendered":"<p>&nbsp;Dice La Tercera en su edici\u00f3n on line del 22 de mayo: \u00abAutor de incendio a Iglesia de Carabineros es condenado a 10 a\u00f1os de presidio efectivo\u00bb y nos servimos&#8230; <a class=\"read-more\" href=\"https:\/\/www.radiopresidenteibanez.cl\/web\/de-recuerdos-y-caminos-un-horizonte-abarque-lejos-se-fueron-mis-ojos-como-rastreando-el-ayer-canta-alfredo-zitarroza\/\">Leer m\u00e1s<\/a><\/p>\n","protected":false},"author":2,"featured_media":48637,"comment_status":"closed","ping_status":"closed","sticky":false,"template":"","format":"standard","meta":{"footnotes":""},"categories":[1],"tags":[],"class_list":["post-48636","post","type-post","status-publish","format-standard","has-post-thumbnail","hentry","category-cronica"],"_links":{"self":[{"href":"https:\/\/www.radiopresidenteibanez.cl\/web\/wp-json\/wp\/v2\/posts\/48636","targetHints":{"allow":["GET"]}}],"collection":[{"href":"https:\/\/www.radiopresidenteibanez.cl\/web\/wp-json\/wp\/v2\/posts"}],"about":[{"href":"https:\/\/www.radiopresidenteibanez.cl\/web\/wp-json\/wp\/v2\/types\/post"}],"author":[{"embeddable":true,"href":"https:\/\/www.radiopresidenteibanez.cl\/web\/wp-json\/wp\/v2\/users\/2"}],"replies":[{"embeddable":true,"href":"https:\/\/www.radiopresidenteibanez.cl\/web\/wp-json\/wp\/v2\/comments?post=48636"}],"version-history":[{"count":0,"href":"https:\/\/www.radiopresidenteibanez.cl\/web\/wp-json\/wp\/v2\/posts\/48636\/revisions"}],"wp:featuredmedia":[{"embeddable":true,"href":"https:\/\/www.radiopresidenteibanez.cl\/web\/wp-json\/wp\/v2\/media\/48637"}],"wp:attachment":[{"href":"https:\/\/www.radiopresidenteibanez.cl\/web\/wp-json\/wp\/v2\/media?parent=48636"}],"wp:term":[{"taxonomy":"category","embeddable":true,"href":"https:\/\/www.radiopresidenteibanez.cl\/web\/wp-json\/wp\/v2\/categories?post=48636"},{"taxonomy":"post_tag","embeddable":true,"href":"https:\/\/www.radiopresidenteibanez.cl\/web\/wp-json\/wp\/v2\/tags?post=48636"}],"curies":[{"name":"wp","href":"https:\/\/api.w.org\/{rel}","templated":true}]}}