{"id":48633,"date":"2024-05-24T09:09:00","date_gmt":"2024-05-24T12:09:00","guid":{"rendered":"https:\/\/www.radiopresidenteibanez.cl\/web\/?p=48633"},"modified":"2024-05-24T08:19:35","modified_gmt":"2024-05-24T11:19:35","slug":"en-preparacion-al-dia-mundial-sin-fumar-cadi-umag-se-certifica-como-espacio-libre-de-humo-de-tabaco","status":"publish","type":"post","link":"https:\/\/www.radiopresidenteibanez.cl\/web\/en-preparacion-al-dia-mundial-sin-fumar-cadi-umag-se-certifica-como-espacio-libre-de-humo-de-tabaco\/","title":{"rendered":"EN PREPARACI\u00d3N AL D\u00cdA MUNDIAL SIN FUMAR: CADI-UMAG SE CERTIFICA COMO ESPACIO LIBRE DE HUMO DE TABACO"},"content":{"rendered":"\n<p>En el marco de la pr\u00f3xima conmemoraci\u00f3n del D\u00eda Mundial Sin Tabaco, el viernes 31 de mayo, se desarroll\u00f3 una significativa ceremonia en que el Centro Asistencial Docente y de Investigaci\u00f3n<br>de la Universidad de Magallanes (CADI-UMAG) fue certificado por la Seremi de Salud de Magallanes como un espacio libre de humo de tabaco, instancia que viene a reconocer y fortalecer las pol\u00edticas de prevenci\u00f3n en torno al tabaquismo que el centro asistencial ha implementado desde el 2022.<br>La ceremonia fue encabezada por el Seremi de Salud (S) Sergio Ruiz, la Vicerrectora de Vinculaci\u00f3n con el Medio de la Universidad de Magallanes, Dra. Melisa Flores, la Directora del CADI-UMAG, Karena Espinoza y la Subdirectora Asistencial, Dra. Lidia Amarales, junto con profesionales de salud p\u00fablica de la Autoridad Sanitaria y profesionales del Centro.<br>La actividad consider\u00f3 las presentaciones de la Dra. Lidia Amarales, quien abord\u00f3 la problem\u00e1tica del tabaquismo, considerando la implementaci\u00f3n de pol\u00edticas p\u00fablicas y su efecto en la disminuci\u00f3n del n\u00famero de poblaci\u00f3n fumadora, la tramitaci\u00f3n de nuevas normativas, el surgimiento del cigarro electr\u00f3nico como la nueva alternativa de las tabacaleras y su impacto negativo en la salud, entre otros aspectos.<\/p>\n\n\n\n<p>A su vez, la encargada de la Unidad de Promoci\u00f3n de la Salud de la Seremi, Carla Castillo,<br>expuso sobre la prevenci\u00f3n del consumo de tabaco, principalmente, en la poblaci\u00f3n escolar y sistemas electr\u00f3nicos de administraci\u00f3n de nicotina y sistema electr\u00f3nicos sin nicotina.<br>Para finalizar, representantes del CADI y la Universidad de Magallanes encabezaron una instancia<br>simb\u00f3lica, donde se hizo entrega de un bast\u00f3n de relevo, incentivando el compromiso de la UMAG, a trav\u00e9s del \u00c1rea Deporte y Vida Saludable, para convertirse en un espacio libre de humo de tabaco. Para finalizar se descubri\u00f3 una placa de certificaci\u00f3n que est\u00e1 ubicada en la entrada principal del edificio.<br>La Directora de CADI-UMAG, Karena Espinoza, explic\u00f3 que \u201ceste hito que celebramos hoy es el resultado de m\u00e1s de dos a\u00f1os de arduo trabajo para obtener la certificaci\u00f3n por parte de la SEREMI de Salud.<br>Refleja nuestro compromiso institucional y los valores universitarios de nuestra casa de estudios como una universidad estatal regional. Nuestra prioridad es crear espacios seguros para nuestra comunidad, incluyendo estudiantes, profesionales, y funcionarios, as\u00ed como para nuestros pacientes que reciben atenci\u00f3n en nuestro centro. Felicitamos al \u00e1rea de deporte y vida saludable por tomar este compromiso y esperamos que otras \u00e1reas y centros de nuestra universidad sigan este ejemplo. Reconocemos el esfuerzo y la dedicaci\u00f3n necesarios para llevar a cabo esta labor, y estamos comprometidos a continuar trabajando en esta direcci\u00f3n\u201d.<br>La encargada de la Unidad de Promoci\u00f3n de la Salud y del Programa de Tabaco de la Seremi, Carla Castillo, resalt\u00f3 que se trat\u00f3 de \u201cun hito regional que marca el inicio de tanto en el espacio de la Universidad de Magallanes, como tambi\u00e9n un ejemplo ante la sociedad de una instituci\u00f3n formadora de profesionales, de personas, de poder dar este paso relevante en el contexto del 31 de mayo en que se conmemora el D\u00eda Internacional Sin Fumar. El tabaco representa una pandemia persistente a lo largo de los a\u00f1os. Entonces es algo por lo cual debemos seguir trabajando e instancias como esta apuntan a que la sociedad vaya empap\u00e1ndose m\u00e1s de estas estrategias preventivas y que otras instituciones puedan establecer espacios libres de humo de tabaco\u201d.<br>La Subdirectora Asistencial Docente CADI-UMAG, Dra. Lidia Amarales, indic\u00f3 que \u201choy hemos dado un paso significativo y ahora le hemos dado la posta al \u00e1rea deportiva de la Universidad de Magallanes, aspiramos que la universidad se convierta en una instituci\u00f3n libre de tabaco para el a\u00f1o 2030. Como CADI queremos servir como modelo a seguir, ofreciendo capacitaciones y transmitiendo a las generaciones futuras, especialmente a la poblaci\u00f3n infantojuvenil, la importancia de erradicar el tabaquismo, buscando promover la vida m\u00e1s saludable y un entorno libre de humo de tabaco para todos\u201d.<br>Explic\u00f3 que \u201chemos avanzado en nuestro pa\u00eds desde la primera implementaci\u00f3n de la Ley de Tabaco del a\u00f1o 2005, y hemos logrado, gracias a esa ley, al aumento impuesto y a la ley del 2013, una disminuci\u00f3n de 73% de la prevalencia en la poblaci\u00f3n infanto-juvenil, y un 34% en la poblaci\u00f3n adulta. Claramente, esto es un tremendo avance, pero no estamos felices ni contentos a pesar de este avance, porque a\u00fan el 11,1% de nuestra poblaci\u00f3n infantil sigue fumando, y m\u00e1s a\u00fan, todav\u00eda seguimos teniendo la prevalencia m\u00e1s alta, a pesar de la disminuci\u00f3n del 34% por ciento, en la poblaci\u00f3n adulta a nivel de Latinoam\u00e9rica\u201d.<br>La Encarga del \u00c1rea de Deporte y Vida Saludable de la UMAG, M\u00f3nica L\u00f3pez, explic\u00f3 que \u201cque es un agrado asumir este compromiso. Personalmente, en mi rol de encargada, lo asumo con mucha responsabilidad, porque siento que tiene que ver con la coherencia de lo que es nuestro rol dentro de la instituci\u00f3n, que es la vida saludable y desarrollar alguna disciplina deportiva. Nosotros albergamos semanalmente alrededor de 1.500 personas que circulan a trav\u00e9s de los gimnasios de la universidad. Por lo tanto, el mensaje que se quiere entregar es que, m\u00e1s all\u00e1 de hacer deporte, que es una actividad f\u00edsica, ayudarlos de una manera m\u00e1s de salud mental, prevenir, educar y sobre todo, para nuestros estudiantes que tienen un rol formador importante\u201d. <\/p>\n\n\n\n<p>Agreg\u00f3 que hoy asumen este compromiso y que comenzar\u00e1n con capacitaciones, elaboraci\u00f3n de capsulas educativas, sumando a la Federaci\u00f3n de Estudiantes y otras<br>carreras de la universidad para llevar a cabo este desaf\u00edo.<\/p>\n","protected":false},"excerpt":{"rendered":"<p>En el marco de la pr\u00f3xima conmemoraci\u00f3n del D\u00eda Mundial Sin Tabaco, el viernes 31 de mayo, se desarroll\u00f3 una significativa ceremonia en que el Centro Asistencial Docente y de&#8230; <a class=\"read-more\" href=\"https:\/\/www.radiopresidenteibanez.cl\/web\/en-preparacion-al-dia-mundial-sin-fumar-cadi-umag-se-certifica-como-espacio-libre-de-humo-de-tabaco\/\">Leer m\u00e1s<\/a><\/p>\n","protected":false},"author":2,"featured_media":48634,"comment_status":"closed","ping_status":"closed","sticky":false,"template":"","format":"standard","meta":{"footnotes":""},"categories":[1],"tags":[],"class_list":["post-48633","post","type-post","status-publish","format-standard","has-post-thumbnail","hentry","category-cronica"],"_links":{"self":[{"href":"https:\/\/www.radiopresidenteibanez.cl\/web\/wp-json\/wp\/v2\/posts\/48633","targetHints":{"allow":["GET"]}}],"collection":[{"href":"https:\/\/www.radiopresidenteibanez.cl\/web\/wp-json\/wp\/v2\/posts"}],"about":[{"href":"https:\/\/www.radiopresidenteibanez.cl\/web\/wp-json\/wp\/v2\/types\/post"}],"author":[{"embeddable":true,"href":"https:\/\/www.radiopresidenteibanez.cl\/web\/wp-json\/wp\/v2\/users\/2"}],"replies":[{"embeddable":true,"href":"https:\/\/www.radiopresidenteibanez.cl\/web\/wp-json\/wp\/v2\/comments?post=48633"}],"version-history":[{"count":0,"href":"https:\/\/www.radiopresidenteibanez.cl\/web\/wp-json\/wp\/v2\/posts\/48633\/revisions"}],"wp:featuredmedia":[{"embeddable":true,"href":"https:\/\/www.radiopresidenteibanez.cl\/web\/wp-json\/wp\/v2\/media\/48634"}],"wp:attachment":[{"href":"https:\/\/www.radiopresidenteibanez.cl\/web\/wp-json\/wp\/v2\/media?parent=48633"}],"wp:term":[{"taxonomy":"category","embeddable":true,"href":"https:\/\/www.radiopresidenteibanez.cl\/web\/wp-json\/wp\/v2\/categories?post=48633"},{"taxonomy":"post_tag","embeddable":true,"href":"https:\/\/www.radiopresidenteibanez.cl\/web\/wp-json\/wp\/v2\/tags?post=48633"}],"curies":[{"name":"wp","href":"https:\/\/api.w.org\/{rel}","templated":true}]}}