{"id":4852,"date":"2019-06-07T14:22:01","date_gmt":"2019-06-07T14:22:01","guid":{"rendered":"http:\/\/www.radiopresidenteibanez.cl\/web\/?p=4852"},"modified":"2019-06-07T14:22:26","modified_gmt":"2019-06-07T14:22:26","slug":"mineduc-ha-otorgado-mas-de-598-mil-beneficios-estudiantiles-para-la-educacion-superior-en-2019","status":"publish","type":"post","link":"https:\/\/www.radiopresidenteibanez.cl\/web\/mineduc-ha-otorgado-mas-de-598-mil-beneficios-estudiantiles-para-la-educacion-superior-en-2019\/","title":{"rendered":"MINEDUC HA OTORGADO M\u00c1S DE 598 MIL BENEFICIOS ESTUDIANTILES PARA LA EDUCACI\u00d3N SUPERIOR EN 2019"},"content":{"rendered":"\n<p>El Ministerio de Educaci\u00f3n public\u00f3, a trav\u00e9s de los sitios&nbsp;<a href=\"http:\/\/www.gratuidad.cl\/\" target=\"_blank\" rel=\"noreferrer noopener\">www.gratuidad.cl<\/a>&nbsp;y&nbsp;<a href=\"http:\/\/www.beneficiosestudiantiles.cl\/\" target=\"_blank\" rel=\"noreferrer noopener\">www.beneficiosestudiantiles.cl<\/a>, una actualizaci\u00f3n de los resultados de Gratuidad, becas y del cr\u00e9dito del Fondo Solidario para el a\u00f1o 2019.<\/p>\n\n\n\n<p>Esta publicaci\u00f3n considera 598.853 beneficios, que dan cuenta de los resultados de quienes postularon a los beneficios estudiantiles entre febrero y marzo (en el segundo proceso de postulaci\u00f3n al FUAS); de quienes apelaron a los resultados obtenidos en la primera asignaci\u00f3n (entre el 14 de febrero y el 8 de marzo), de aquellos alumnos que renovaron beneficios y la actualizaci\u00f3n de quienes obtuvieron Gratuidad, becas y cr\u00e9ditos el pasado 14 de febrero.<\/p>\n\n\n\n<p>Tal como explica Juan Eduardo Vargas, jefe de la Divisi\u00f3n de Educaci\u00f3n Superior: \u201cHoy podemos comprobar c\u00f3mo la pol\u00edtica p\u00fablica de beneficios estudiantiles se ha consolidado y ninguna persona con las capacidades para acceder a la educaci\u00f3n superior en Chile, se queda fuera del sistema por no contar con recursos econ\u00f3micos\u201d.<\/p>\n\n\n\n<p>Considerando el total de beneficios otorgados por el Ministerio de Educaci\u00f3n a la fecha (598.853):<\/p>\n\n\n\n<ul class=\"wp-block-list\"><li>Un 62,8% (376.433) corresponden a Gratuidad, un 33,0% (197.291) a becas de arancel y un 4,2% (25.129) a cr\u00e9ditos del Fondo Solidario.<\/li><\/ul>\n\n\n\n<ul class=\"wp-block-list\"><li>Un 45,4% (271.663) se asign\u00f3 a j\u00f3venes matriculados en institutos profesionales o centros de formaci\u00f3n t\u00e9cnica, un 54,5% (326.549) a estudiantes inscritos en universidades, y un 0,1% (641) a alumnos de las instituciones de las Fuerzas Armadas.<\/li><\/ul>\n\n\n\n<ul class=\"wp-block-list\"><li>Un 55,7% (333.777) se otorg\u00f3 a estudiantes provenientes de establecimientos educacionales particulares subvencionados; un 37,7% (225.613) a alumnos que estudiaron en colegios municipales, y un 3,9% (23.424) a egresados de un establecimiento particular pagado.<\/li><\/ul>\n\n\n\n<ul class=\"wp-block-list\"><li>Un 55,4% (331.898) de los estudiantes favorecidos con beneficiados son mujeres, mientras que los hombres representan un 44,6% del total (266.954).<\/li><\/ul>\n\n\n\n<p>Este proceso incluye todos los beneficios que otorga Mineduc, es decir: Gratuidad, Beca Bicentenario, Beca Juan G\u00f3mez Millas, Beca Nuevo Milenio I y II; Beca Excelencia T\u00e9cnica, Beca Puntaje PSU, Beca Excelencia Acad\u00e9mica, Beca Vocaci\u00f3n de Profesor; Beca de Articulaci\u00f3n; Beca Juan G\u00f3mez Millas Extranjeros, Beca para estudiantes en situaci\u00f3n de discapacidad, Beca Hijos de Profesionales de la Educaci\u00f3n, Beca de Reparaci\u00f3n, Beca de Continuidad de Estudios, y el Fondo Solidario de Cr\u00e9dito Universitario.<\/p>\n\n\n\n<p><strong>Gratuidad<\/strong><\/p>\n\n\n\n<p>Un total de 376.433 estudiantes, tanto nuevos como antiguos, accedieron a Gratuidad, por lo que podr\u00e1n cursar o continuar su carrera en la Educaci\u00f3n Superior sin tener que pagar ni matr\u00edcula ni arancel. Esta cifra implica un crecimiento del 14,9% respecto del a\u00f1o 2018 a la misma fecha (327.730). Con este resultado, la cantidad de alumnos con Gratuidad representa un 57,2% de la matr\u00edcula total de pregrado de las instituciones que cuentan con estudiantes favorecidos con este beneficio.&nbsp;<\/p>\n\n\n\n<p>Del total de beneficiados, un 43,2% (162.450) estudia en un CFT o IP, mientras que un 56,8% (213.983) est\u00e1 matriculado en una universidad.<\/p>\n\n\n\n<p><strong>Apelaci\u00f3n online<\/strong><\/p>\n\n\n\n<p>Junto con esta segunda entrega de resultados, el Ministerio de Educaci\u00f3n abri\u00f3 hoy el proceso de apelaci\u00f3n para quienes obtuvieron un resultado con el cual no est\u00e1n conformes. El plazo para apelar vence el viernes 21 de junio, y s\u00f3lo se puede realizar de manera online. Las causales de apelaci\u00f3n y los documentos que los alumnos deben enviar para respaldar cada una de ellas, est\u00e1n publicados en los sitios<strong><a rel=\"noreferrer noopener\" href=\"http:\/\/www.beneficiosestudiantiles.cl\/\" target=\"_blank\">www.beneficiosestudiantiles.cl<\/a><\/strong>\u00a0y\u00a0<strong><a rel=\"noreferrer noopener\" href=\"http:\/\/www.gratuidad.cl\/\" target=\"_blank\">www.gratuidad.cl<\/a><\/strong>. Adem\u00e1s, podr\u00e1n hacer sus consultas sobre este proceso a trav\u00e9s del call center de Ayuda Mineduc 600 600 2626, o en el fanpage \u201cEstudiar es mi Derecho\u201d (<a rel=\"noreferrer noopener\" href=\"https:\/\/www.facebook.com\/estudiaresmiderecho\/\" target=\"_blank\">https:\/\/www.facebook.com\/estudiaresmiderecho\/<\/a>).<\/p>\n\n\n\n<figure class=\"wp-block-image\"><img loading=\"lazy\" decoding=\"async\" width=\"900\" height=\"600\" src=\"https:\/\/www.radiopresidenteibanez.cl\/web\/wp-content\/uploads\/2019\/06\/17.jpg\" alt=\"\" class=\"wp-image-4853\" srcset=\"https:\/\/www.radiopresidenteibanez.cl\/web\/wp-content\/uploads\/2019\/06\/17.jpg 900w, https:\/\/www.radiopresidenteibanez.cl\/web\/wp-content\/uploads\/2019\/06\/17-300x200.jpg 300w, https:\/\/www.radiopresidenteibanez.cl\/web\/wp-content\/uploads\/2019\/06\/17-768x512.jpg 768w\" sizes=\"auto, (max-width: 900px) 100vw, 900px\" \/><\/figure>\n","protected":false},"excerpt":{"rendered":"<p>El Ministerio de Educaci\u00f3n public\u00f3, a trav\u00e9s de los sitios&nbsp;www.gratuidad.cl&nbsp;y&nbsp;www.beneficiosestudiantiles.cl, una actualizaci\u00f3n de los resultados de Gratuidad, becas y del cr\u00e9dito del Fondo Solidario para el a\u00f1o 2019. Esta publicaci\u00f3n&#8230; <a class=\"read-more\" href=\"https:\/\/www.radiopresidenteibanez.cl\/web\/mineduc-ha-otorgado-mas-de-598-mil-beneficios-estudiantiles-para-la-educacion-superior-en-2019\/\">Leer m\u00e1s<\/a><\/p>\n","protected":false},"author":2,"featured_media":4853,"comment_status":"closed","ping_status":"closed","sticky":false,"template":"","format":"standard","meta":{"footnotes":""},"categories":[1],"tags":[],"class_list":["post-4852","post","type-post","status-publish","format-standard","has-post-thumbnail","hentry","category-cronica"],"_links":{"self":[{"href":"https:\/\/www.radiopresidenteibanez.cl\/web\/wp-json\/wp\/v2\/posts\/4852","targetHints":{"allow":["GET"]}}],"collection":[{"href":"https:\/\/www.radiopresidenteibanez.cl\/web\/wp-json\/wp\/v2\/posts"}],"about":[{"href":"https:\/\/www.radiopresidenteibanez.cl\/web\/wp-json\/wp\/v2\/types\/post"}],"author":[{"embeddable":true,"href":"https:\/\/www.radiopresidenteibanez.cl\/web\/wp-json\/wp\/v2\/users\/2"}],"replies":[{"embeddable":true,"href":"https:\/\/www.radiopresidenteibanez.cl\/web\/wp-json\/wp\/v2\/comments?post=4852"}],"version-history":[{"count":0,"href":"https:\/\/www.radiopresidenteibanez.cl\/web\/wp-json\/wp\/v2\/posts\/4852\/revisions"}],"wp:featuredmedia":[{"embeddable":true,"href":"https:\/\/www.radiopresidenteibanez.cl\/web\/wp-json\/wp\/v2\/media\/4853"}],"wp:attachment":[{"href":"https:\/\/www.radiopresidenteibanez.cl\/web\/wp-json\/wp\/v2\/media?parent=4852"}],"wp:term":[{"taxonomy":"category","embeddable":true,"href":"https:\/\/www.radiopresidenteibanez.cl\/web\/wp-json\/wp\/v2\/categories?post=4852"},{"taxonomy":"post_tag","embeddable":true,"href":"https:\/\/www.radiopresidenteibanez.cl\/web\/wp-json\/wp\/v2\/tags?post=4852"}],"curies":[{"name":"wp","href":"https:\/\/api.w.org\/{rel}","templated":true}]}}