{"id":48496,"date":"2024-05-17T07:09:44","date_gmt":"2024-05-17T10:09:44","guid":{"rendered":"https:\/\/www.radiopresidenteibanez.cl\/web\/?p=48496"},"modified":"2024-05-17T07:09:51","modified_gmt":"2024-05-17T10:09:51","slug":"sseremi-de-economia-visita-planta-aquachile-en-puerto-natales-y-frigorificos-de-pesca-cisne-en-punta-arenas","status":"publish","type":"post","link":"https:\/\/www.radiopresidenteibanez.cl\/web\/sseremi-de-economia-visita-planta-aquachile-en-puerto-natales-y-frigorificos-de-pesca-cisne-en-punta-arenas\/","title":{"rendered":"SSEREMI DE ECONOMIA VISITA PLANTA AQUACHILE EN PUERTO NATALES Y FRIGORIFICOS DE PESCA CISNE EN PUNTA ARENAS"},"content":{"rendered":"\n<p>En pos de colaborar y tender puentes con la industria privada regional, la tarde de<br>este mi\u00e9rcoles la seremi de econom\u00eda Marlene Espa\u00f1a Miranda junto con su par<br>de Hacienda \u00c1lvaro Vargas Riquelme recorrieron las instalaciones de Pesca<br>Cisne, en el barrio industrial de Punta Arenas en el marco del sello regional.<br>En la ocasi\u00f3n la Secretaria Regional de econom\u00eda, fomento y turismo, Marlene<br>Espa\u00f1a Miranda expres\u00f3 que \u201ces importante el sello regional ya que esto da<br>identidad, Pesca cisne tiene un v\u00ednculo importante con la regi\u00f3n hace m\u00e1s de 30<br>a\u00f1os, estamos contentos con poder trabajar junto a ellos\u201d<br>Por su parte desde la empresa regional Pesca Cisne se mostraron felices de<br>poder optar a esta certificaci\u00f3n, Luis Rodr\u00edguez Fern\u00e1ndez, Gerente de<br>operaciones de la compa\u00f1\u00eda cont\u00f3 que \u201cestamos muy orgullosos del sello regional,<br>esto, porque en Pesca Cisne exportamos merluza, congrio y bacalao de<br>profundidad a diferentes mercados desde magallanes\u201d<br>Enrique Le Dantec director de la CPC Magallanes por su parte habl\u00f3 del v\u00ednculo<br>regional con el gobierno \u201ccomo CPC estamos en un trabajo muy comprometido<br>con la delegaci\u00f3n, esto para desarrollar la actividad econ\u00f3mica con un sello muy<br>particular, con esto renovamos nuestro compromiso de trabajo\u201d.<br>Igualmente, la semana pasada han continuado los di\u00e1logos con la industria junto a<br>una delegaci\u00f3n parte del gabinete procrecimiento compuesto por la seremi del<br>trabajo, Hacienda y Econom\u00eda adem\u00e1s de Prochile, sin ir m\u00e1s lejos se visit\u00f3 la<br>planta de Aquachile en puerto natales, con esto relevando m\u00e1s el trabajo<br>colaborativo con las industrias.<br>Finalmente, el sello empresa regional, busca dar un valor agregado a compa\u00f1\u00edas<br>que cumplan con ciertos est\u00e1ndares y que por supuesto que sean de origen<br>magall\u00e1nico.<\/p>\n","protected":false},"excerpt":{"rendered":"<p>En pos de colaborar y tender puentes con la industria privada regional, la tarde deeste mi\u00e9rcoles la seremi de econom\u00eda Marlene Espa\u00f1a Miranda junto con su parde Hacienda \u00c1lvaro Vargas&#8230; <a class=\"read-more\" href=\"https:\/\/www.radiopresidenteibanez.cl\/web\/sseremi-de-economia-visita-planta-aquachile-en-puerto-natales-y-frigorificos-de-pesca-cisne-en-punta-arenas\/\">Leer m\u00e1s<\/a><\/p>\n","protected":false},"author":2,"featured_media":48497,"comment_status":"closed","ping_status":"closed","sticky":false,"template":"","format":"standard","meta":{"footnotes":""},"categories":[1],"tags":[],"class_list":["post-48496","post","type-post","status-publish","format-standard","has-post-thumbnail","hentry","category-cronica"],"_links":{"self":[{"href":"https:\/\/www.radiopresidenteibanez.cl\/web\/wp-json\/wp\/v2\/posts\/48496","targetHints":{"allow":["GET"]}}],"collection":[{"href":"https:\/\/www.radiopresidenteibanez.cl\/web\/wp-json\/wp\/v2\/posts"}],"about":[{"href":"https:\/\/www.radiopresidenteibanez.cl\/web\/wp-json\/wp\/v2\/types\/post"}],"author":[{"embeddable":true,"href":"https:\/\/www.radiopresidenteibanez.cl\/web\/wp-json\/wp\/v2\/users\/2"}],"replies":[{"embeddable":true,"href":"https:\/\/www.radiopresidenteibanez.cl\/web\/wp-json\/wp\/v2\/comments?post=48496"}],"version-history":[{"count":0,"href":"https:\/\/www.radiopresidenteibanez.cl\/web\/wp-json\/wp\/v2\/posts\/48496\/revisions"}],"wp:featuredmedia":[{"embeddable":true,"href":"https:\/\/www.radiopresidenteibanez.cl\/web\/wp-json\/wp\/v2\/media\/48497"}],"wp:attachment":[{"href":"https:\/\/www.radiopresidenteibanez.cl\/web\/wp-json\/wp\/v2\/media?parent=48496"}],"wp:term":[{"taxonomy":"category","embeddable":true,"href":"https:\/\/www.radiopresidenteibanez.cl\/web\/wp-json\/wp\/v2\/categories?post=48496"},{"taxonomy":"post_tag","embeddable":true,"href":"https:\/\/www.radiopresidenteibanez.cl\/web\/wp-json\/wp\/v2\/tags?post=48496"}],"curies":[{"name":"wp","href":"https:\/\/api.w.org\/{rel}","templated":true}]}}