{"id":4849,"date":"2019-06-07T14:15:26","date_gmt":"2019-06-07T14:15:26","guid":{"rendered":"http:\/\/www.radiopresidenteibanez.cl\/web\/?p=4849"},"modified":"2019-06-07T14:15:52","modified_gmt":"2019-06-07T14:15:52","slug":"sabado-8-junio-mas-de-15-servicios-publicos-a-disposicion-de-la-comunidad-en-mall-espacio-urbano-pionero","status":"publish","type":"post","link":"https:\/\/www.radiopresidenteibanez.cl\/web\/sabado-8-junio-mas-de-15-servicios-publicos-a-disposicion-de-la-comunidad-en-mall-espacio-urbano-pionero\/","title":{"rendered":"S\u00c1BADO 8 JUNIO: M\u00c1S DE 15 SERVICIOS P\u00daBLICOS A DISPOSICI\u00d3N DE LA COMUNIDAD EN MALL ESPACIO URBANO PIONERO"},"content":{"rendered":"\n<p>Como\nparte de las iniciativas que impulsa la Gobernaci\u00f3n de Magallanes, en el marco\ndel programa \u201cGobierno en Terreno\u201d, por primera vez en Mall Espacio Urbano\nPionero, se pondr\u00e1n a disposici\u00f3n de la comunidad alrededor de 15 servicios\np\u00fablicos, con foco en los pilares del Sistema Elige Vivir Sano. <\/p>\n\n\n\n<p>El\nprograma Elige Vivir Sano, &nbsp;apoyado por\nla Seremi de Desarrollo Social y Familia,&nbsp;\nbusca promover estilos de vida saludables en la poblaci\u00f3n a trav\u00e9s de\nprogramas, planes e iniciativas en torno a cuatro pilares: Alimentaci\u00f3n\nsaludable, Actividad f\u00edsica, Vida en familia, Vida al aire libre.<\/p>\n\n\n\n<p>Adem\u00e1s,\na disposici\u00f3n de la comunidad, estar\u00e1n presentes la Seremi de Salud, Deporte,\nMedio Ambiente, Mujer; Tambi\u00e9n se espera contar con la presencia de Indap,\nJunaeb, Conaf, Carabineros y Polic\u00eda de Investigaciones, entre algunos. <\/p>\n\n\n\n<p>\u201cComo\nGobernaci\u00f3n nos complace invitar a la comunidad a participar de este encuentro\nque hemos preparado para todos. La idea es poder reunir a la familia, adultos\nmayores, padres, j\u00f3venes y ni\u00f1os, con quienes tenemos un compromiso permanente,\n&nbsp;para que participen de esta actividad que\nbusca promover h\u00e1bitos y estilos de vida saludable\u201d, asegur\u00f3 Homero Villegas,\nGobernador de la Provincia de Magallanes. <\/p>\n\n\n\n<p>Entre\nlas novedades programadas para este s\u00e1bado en el centro comercial se encuentran\ndiferentes actividades deportivas, adem\u00e1s de entrega de informaci\u00f3n nutricional\ny de salud, que refuerzan y estimulan desde edad temprana el equilibrio entre\nla alimentaci\u00f3n saludable y pr\u00e1ctica constante de deporte. <\/p>\n\n\n\n<p>\u201cComo\nEspacio Urbano Pionero estamos muy contentos de ser parte de esta iniciativa\nque une a la familia entorno a la actividad f\u00edsica y los h\u00e1bitos alimenticios\nsaludables. Invitamos a toda la familia a reunirse en el centro comercial a\npartir de las 14.00 horas, en torno al deporte y la vida sana\u201d, se\u00f1al\u00f3 Antonio\nTolosa, Center Manager de Espacio Urbano Pionero. <\/p>\n\n\n\n<p>Hasta el momento se han confirmado dos actividades deportivas masivas: clases de zumba a partir de las 14:00- 15:30 y baile entretenido desde las 15:30 a 17:00 (adulto mayor principalmente). Adem\u00e1s, todos los servicios asistentes estar\u00e1n disponibles en sus stands ubicados entre el segundo y tercer piso, para atender dudas y consultas de quienes asistan al centro comercial. <\/p>\n\n\n\n<figure class=\"wp-block-image\"><img loading=\"lazy\" decoding=\"async\" width=\"1024\" height=\"1016\" src=\"http:\/\/www.radiopresidenteibanez.cl\/web\/wp-content\/uploads\/2019\/06\/IMG_20190607_111320-1024x1016.jpg\" alt=\"\" class=\"wp-image-4850\" srcset=\"https:\/\/www.radiopresidenteibanez.cl\/web\/wp-content\/uploads\/2019\/06\/IMG_20190607_111320-1024x1016.jpg 1024w, https:\/\/www.radiopresidenteibanez.cl\/web\/wp-content\/uploads\/2019\/06\/IMG_20190607_111320-150x150.jpg 150w, https:\/\/www.radiopresidenteibanez.cl\/web\/wp-content\/uploads\/2019\/06\/IMG_20190607_111320-300x298.jpg 300w, https:\/\/www.radiopresidenteibanez.cl\/web\/wp-content\/uploads\/2019\/06\/IMG_20190607_111320-768x762.jpg 768w, https:\/\/www.radiopresidenteibanez.cl\/web\/wp-content\/uploads\/2019\/06\/IMG_20190607_111320.jpg 1080w\" sizes=\"auto, (max-width: 1024px) 100vw, 1024px\" \/><\/figure>\n","protected":false},"excerpt":{"rendered":"<p>Como parte de las iniciativas que impulsa la Gobernaci\u00f3n de Magallanes, en el marco del programa \u201cGobierno en Terreno\u201d, por primera vez en Mall Espacio Urbano Pionero, se pondr\u00e1n a&#8230; <a class=\"read-more\" href=\"https:\/\/www.radiopresidenteibanez.cl\/web\/sabado-8-junio-mas-de-15-servicios-publicos-a-disposicion-de-la-comunidad-en-mall-espacio-urbano-pionero\/\">Leer m\u00e1s<\/a><\/p>\n","protected":false},"author":2,"featured_media":4850,"comment_status":"closed","ping_status":"closed","sticky":false,"template":"","format":"standard","meta":{"footnotes":""},"categories":[1],"tags":[],"class_list":["post-4849","post","type-post","status-publish","format-standard","has-post-thumbnail","hentry","category-cronica"],"_links":{"self":[{"href":"https:\/\/www.radiopresidenteibanez.cl\/web\/wp-json\/wp\/v2\/posts\/4849","targetHints":{"allow":["GET"]}}],"collection":[{"href":"https:\/\/www.radiopresidenteibanez.cl\/web\/wp-json\/wp\/v2\/posts"}],"about":[{"href":"https:\/\/www.radiopresidenteibanez.cl\/web\/wp-json\/wp\/v2\/types\/post"}],"author":[{"embeddable":true,"href":"https:\/\/www.radiopresidenteibanez.cl\/web\/wp-json\/wp\/v2\/users\/2"}],"replies":[{"embeddable":true,"href":"https:\/\/www.radiopresidenteibanez.cl\/web\/wp-json\/wp\/v2\/comments?post=4849"}],"version-history":[{"count":0,"href":"https:\/\/www.radiopresidenteibanez.cl\/web\/wp-json\/wp\/v2\/posts\/4849\/revisions"}],"wp:featuredmedia":[{"embeddable":true,"href":"https:\/\/www.radiopresidenteibanez.cl\/web\/wp-json\/wp\/v2\/media\/4850"}],"wp:attachment":[{"href":"https:\/\/www.radiopresidenteibanez.cl\/web\/wp-json\/wp\/v2\/media?parent=4849"}],"wp:term":[{"taxonomy":"category","embeddable":true,"href":"https:\/\/www.radiopresidenteibanez.cl\/web\/wp-json\/wp\/v2\/categories?post=4849"},{"taxonomy":"post_tag","embeddable":true,"href":"https:\/\/www.radiopresidenteibanez.cl\/web\/wp-json\/wp\/v2\/tags?post=4849"}],"curies":[{"name":"wp","href":"https:\/\/api.w.org\/{rel}","templated":true}]}}