{"id":48483,"date":"2024-05-16T17:37:00","date_gmt":"2024-05-16T20:37:00","guid":{"rendered":"https:\/\/www.radiopresidenteibanez.cl\/web\/?p=48483"},"modified":"2024-05-16T11:45:27","modified_gmt":"2024-05-16T14:45:27","slug":"sector-salud-refuerza-llamado-a-inmunizar-a-todos-los-lactantes-nacidos-desde-1-de-octubre-del-2023-con-el-medicamento-nirsevimab","status":"publish","type":"post","link":"https:\/\/www.radiopresidenteibanez.cl\/web\/sector-salud-refuerza-llamado-a-inmunizar-a-todos-los-lactantes-nacidos-desde-1-de-octubre-del-2023-con-el-medicamento-nirsevimab\/","title":{"rendered":"SECTOR SALUD REFUERZA LLAMADO A INMUNIZAR A TODOS LOS LACTANTES NACIDOS DESDE 1 DE OCTUBRE DEL 2023 CON EL MEDICAMENTO NIRSEVIMAB"},"content":{"rendered":"\n<p>En el marco de la Campa\u00f1a de Invierno 2024, se realiz\u00f3 reuni\u00f3n entre equipos de la Seremi de<br>Salud, Servicio de Salud Magallanes, Atenci\u00f3n Primaria de Salud de Punta Arenas y los encargadosde vacunatorios de la red asistencial de las comunas de Puerto Natales, Porvenir y Puerto Williams, con el objetivo de analizar las diversas estrategias y reforzar acciones para aumentar la cobertura de la campa\u00f1a contra la influenza y sensibilizar a las familias sobre la importancia de la inmunizaci\u00f3n infantil contra el Virus Respiratorio Sincicial (VRS).<br>En la ocasi\u00f3n se reforz\u00f3 el llamado a los diversos grupos objetivos a que se vacunen contra la<br>influenza a la brevedad, antes del inicio del invierno, para as\u00ed reducir el riesgo de enfermar<br>gravemente. A su vez, se destac\u00f3 la importancia que padres, madres y\/o tutores de lactantes<br>nacidos desde el 01 de octubre del 2023, los inmunicen con este medicamento para dar<br>protecci\u00f3n e inmunidad contra el Virus Respiratorio Sincicial (VRS), enfermedad que puede causar complicaciones respiratorias graves.<br>La Seremi de Salud Francisca Sanfuentes se\u00f1al\u00f3 que \u201ctuvimos una reuni\u00f3n con los equipos de<br>inmunizaciones de la red asistencial y del Servicio de Salud para evaluar c\u00f3mo vamos con las<br>coberturas de las campa\u00f1as de vacunaci\u00f3n de influenza y de inmunizaci\u00f3n con el anticuerpo<br>monoclonal Nirsevimab, as\u00ed como las distintas estrategias que est\u00e1n desarrollando cada uno de los equipos en la regi\u00f3n\u201d.<br>Con relaci\u00f3n a la campa\u00f1a contra la influenza, la Autoridad de Salud explic\u00f3 que se ha desarrollado a buen ritmo y que a la fecha registramos una cobertura regional de un 56%, pero el grupo de los adultos mayores est\u00e1 un poco m\u00e1s bajo. \u201cEn ese sentido queremos reforzar el llamado a todas las personas mayores de 60 a\u00f1os a vacunarse contra la influenza y hacerlo pronto y as\u00ed estar preparados para el invierno\u201d, detall\u00f3 la Seremi.<br>Agreg\u00f3 que \u201ctambi\u00e9n insistimos en el llamado a todos los padres, madres o cuidadores de<br>lactantes menores de seis meses para que asistan al vacunatorio del centro de salud de su sector<br>para que se les administre el anticuerpo monoclonal Nirsevimab, que es una tremenda protecci\u00f3n contra el virus respiratorio sincicial que ya tenemos circulando en nuestra regi\u00f3n, para que de esta manera podamos tener a los lactantes nacidos desde el 01 de octubre del 2023, protegidos contra esta enfermedad respiratoria\u201d.<br>El encargado de vacunas de APS Punta Arenas, V\u00edctor Fuentes, manifest\u00f3 que \u201cnos reunimos como red asistencial para ver las estrategias que tenemos que hoy implementar para llegar a nuestra comunidad. Queremos hacer una invitaci\u00f3n en forma muy especial a todos los mayores de 60 a\u00f1os. A que se acerquen a los CESFAM de cada sector para que puedan vacunarse. Es importante que se protejan, ya estamos en una \u00e9poca que es necesario hacerlo, as\u00ed que estamos viendo las estrategias para poder llegar donde todos los vecinos y vecinos para poder lograr esta meta y tener un invierno m\u00e1s seguro\u201d.<br>Cabe se\u00f1alar que de acuerdo a la estad\u00edstica proporcionada por el Minsal, las personas de 60 a\u00f1os y m\u00e1s son quienes presentan menor porcentaje de vacunaci\u00f3n. Punta Arenas, Puerto Natales y Porvenir, registran una cobertura por localidad de: 43%, 39% y 31%, respectivamente.<\/p>\n\n\n\n<p>Situaci\u00f3n epidemiol\u00f3gica<br>De acuerdo al informe de vigilancia Regional Enfermedades Respiratorias y COVID-19<br>correspondiente a semana epidemiol\u00f3gica SE N\u00b018 (28 de abril al 4 de mayo), elaborado por<br>equipo de Epidemiolog\u00eda SEREMI de Salud en conjunto a Referentes respiratorios del Servicio de<br>Salud Magallanes.<br>Durante esta semana predomin\u00f3 la circulaci\u00f3n viral Rinovirus (53%), seguido por Influenza A<br>(36%), Adenovirus (17%), Parainfluenza (6%), SARS-Cov-2 con (1%), Virus Respiratorio Sincicial<br>(3%), y Metaneumovirus e Influenza B (0%).<br>El porcentaje de consultas de urgencias por causa respiratoria alcanz\u00f3 un 38% del total de<br>consultas, aumentando positividad seg\u00fan semana anterior (33%). Seg\u00fan diagn\u00f3stico m\u00e9dico: 80% corresponde a infecci\u00f3n respiratoria aguda alta; 8% Bronquitis aguda, 2% crisis obstructiva<br>bronquial; 2% Influenza 1% neumon\u00eda; y 0% COVID-19. Similar a semana anterior.<br>Para m\u00e1s informaci\u00f3n de lugares y horarios de puntos de vacunaci\u00f3n puede acceder a las redes<br>sociales del sector salud Magallanes.<\/p>\n","protected":false},"excerpt":{"rendered":"<p>En el marco de la Campa\u00f1a de Invierno 2024, se realiz\u00f3 reuni\u00f3n entre equipos de la Seremi deSalud, Servicio de Salud Magallanes, Atenci\u00f3n Primaria de Salud de Punta Arenas y&#8230; <a class=\"read-more\" href=\"https:\/\/www.radiopresidenteibanez.cl\/web\/sector-salud-refuerza-llamado-a-inmunizar-a-todos-los-lactantes-nacidos-desde-1-de-octubre-del-2023-con-el-medicamento-nirsevimab\/\">Leer m\u00e1s<\/a><\/p>\n","protected":false},"author":2,"featured_media":48484,"comment_status":"closed","ping_status":"closed","sticky":false,"template":"","format":"standard","meta":{"footnotes":""},"categories":[1],"tags":[],"class_list":["post-48483","post","type-post","status-publish","format-standard","has-post-thumbnail","hentry","category-cronica"],"_links":{"self":[{"href":"https:\/\/www.radiopresidenteibanez.cl\/web\/wp-json\/wp\/v2\/posts\/48483","targetHints":{"allow":["GET"]}}],"collection":[{"href":"https:\/\/www.radiopresidenteibanez.cl\/web\/wp-json\/wp\/v2\/posts"}],"about":[{"href":"https:\/\/www.radiopresidenteibanez.cl\/web\/wp-json\/wp\/v2\/types\/post"}],"author":[{"embeddable":true,"href":"https:\/\/www.radiopresidenteibanez.cl\/web\/wp-json\/wp\/v2\/users\/2"}],"replies":[{"embeddable":true,"href":"https:\/\/www.radiopresidenteibanez.cl\/web\/wp-json\/wp\/v2\/comments?post=48483"}],"version-history":[{"count":0,"href":"https:\/\/www.radiopresidenteibanez.cl\/web\/wp-json\/wp\/v2\/posts\/48483\/revisions"}],"wp:featuredmedia":[{"embeddable":true,"href":"https:\/\/www.radiopresidenteibanez.cl\/web\/wp-json\/wp\/v2\/media\/48484"}],"wp:attachment":[{"href":"https:\/\/www.radiopresidenteibanez.cl\/web\/wp-json\/wp\/v2\/media?parent=48483"}],"wp:term":[{"taxonomy":"category","embeddable":true,"href":"https:\/\/www.radiopresidenteibanez.cl\/web\/wp-json\/wp\/v2\/categories?post=48483"},{"taxonomy":"post_tag","embeddable":true,"href":"https:\/\/www.radiopresidenteibanez.cl\/web\/wp-json\/wp\/v2\/tags?post=48483"}],"curies":[{"name":"wp","href":"https:\/\/api.w.org\/{rel}","templated":true}]}}