{"id":48477,"date":"2024-05-16T15:11:00","date_gmt":"2024-05-16T18:11:00","guid":{"rendered":"https:\/\/www.radiopresidenteibanez.cl\/web\/?p=48477"},"modified":"2024-05-16T11:13:33","modified_gmt":"2024-05-16T14:13:33","slug":"magallanes-fue-sede-de-seminario-que-abordo-sistemas-de-pastoreos-regenerativos","status":"publish","type":"post","link":"https:\/\/www.radiopresidenteibanez.cl\/web\/magallanes-fue-sede-de-seminario-que-abordo-sistemas-de-pastoreos-regenerativos\/","title":{"rendered":"MAGALLANES FUE SEDE DE SEMINARIO QUE ABORDO SISTEMAS DE PASTOREOS REGENERATIVOS"},"content":{"rendered":"\n<p>Magallanes fue el epicentro del debate sobre la problem\u00e1tica de la degradaci\u00f3n de<br>los pastizales debido al pastoreo intensivo, tem\u00e1tica abordada en el Seminario<br>\u00abSistemas de Pastoreo Regenerativo y Continuo con Ajuste de Carga: Resultados<br>y An\u00e1lisis de la Producci\u00f3n Animal\u00bb. Evento, que abord\u00f3 integralmente el tema y<br>reuni\u00f3 a investigadores nacionales e internacionales, as\u00ed como la perspectiva de<br>los productores.<br>Organizado por la Fundaci\u00f3n para la Innovaci\u00f3n Agraria (FIA) y el Instituto de<br>Investigaciones Agropecuarias (INIA) a trav\u00e9s de su Centro Regional Kampenaike,<br>el seminario trat\u00f3 sobre la importancia de la recuperaci\u00f3n y sustentabilidad de los<br>pastizales, fundamentales para el desarrollo ganadero en Magallanes.<br>La Seremi de Agricultura, Irene Ram\u00edrez, manifest\u00f3 que \u201ceste evento no solo fue<br>una instancia para la difusi\u00f3n de conocimientos y experiencias, sino tambi\u00e9n, un<br>espacio para la colaboraci\u00f3n y el intercambio de ideas entre los asistentes sobre los<br>sistemas de pastoreo regenerativo y ha sido un paso significativo hacia la<br>recuperaci\u00f3n y sustentabilidad de los pastizales en la regi\u00f3n de Magallanes\u201d.<br>El evento cont\u00f3 con la participaci\u00f3n de destacados expertos, quienes ofrecieron<br>diversas perspectivas para potenciar la actividad ganadera. Nerea Mandaluniz del<br>Instituto Vasco de Investigaci\u00f3n y Desarrollo Agrario NEIKER (Espa\u00f1a); Ivana Cilic<br>del Instituto de Nutrici\u00f3n y Tecnolog\u00eda de los Alimentos INTA (Argentina); Juan<br>Gysling, ganadero de Magallanes; adem\u00e1s de los investigadores del INIA<br>Kampenaike, Francisco Sales, Ra\u00fal Lira e Iv\u00e1n Ord\u00f3\u00f1ez.<br>\u00abEl presente seminario marca un hito en la b\u00fasqueda de soluciones para los<br>desaf\u00edos que enfrenta la agricultura en la regi\u00f3n austral y una de ellas es la<br>sustentabilidad de los pastizales\u00bb, destac\u00f3 Iv\u00e1n Ordo\u00f1ez, coordinador de la<br>investigaci\u00f3n realizada por INIA Kampenaike.<br>El seminario realizado en el CADIS de Punta Arenas forma parte del proyecto<br>\u00abPastoreo Regenerativo Modificado (PRVM): Implementaci\u00f3n, Evaluaci\u00f3n y<br>Transferencia de un Modelo para la Recuperaci\u00f3n y Sustentabilidad de Praderas<br>Degradadas y Ganader\u00eda en Magallanes\u00bb, financiado por FIA y ejecutado por INIA<br>Kampenaike.<\/p>\n","protected":false},"excerpt":{"rendered":"<p>Magallanes fue el epicentro del debate sobre la problem\u00e1tica de la degradaci\u00f3n delos pastizales debido al pastoreo intensivo, tem\u00e1tica abordada en el Seminario\u00abSistemas de Pastoreo Regenerativo y Continuo con Ajuste&#8230; <a class=\"read-more\" href=\"https:\/\/www.radiopresidenteibanez.cl\/web\/magallanes-fue-sede-de-seminario-que-abordo-sistemas-de-pastoreos-regenerativos\/\">Leer m\u00e1s<\/a><\/p>\n","protected":false},"author":2,"featured_media":48478,"comment_status":"closed","ping_status":"closed","sticky":false,"template":"","format":"standard","meta":{"footnotes":""},"categories":[1],"tags":[],"class_list":["post-48477","post","type-post","status-publish","format-standard","has-post-thumbnail","hentry","category-cronica"],"_links":{"self":[{"href":"https:\/\/www.radiopresidenteibanez.cl\/web\/wp-json\/wp\/v2\/posts\/48477","targetHints":{"allow":["GET"]}}],"collection":[{"href":"https:\/\/www.radiopresidenteibanez.cl\/web\/wp-json\/wp\/v2\/posts"}],"about":[{"href":"https:\/\/www.radiopresidenteibanez.cl\/web\/wp-json\/wp\/v2\/types\/post"}],"author":[{"embeddable":true,"href":"https:\/\/www.radiopresidenteibanez.cl\/web\/wp-json\/wp\/v2\/users\/2"}],"replies":[{"embeddable":true,"href":"https:\/\/www.radiopresidenteibanez.cl\/web\/wp-json\/wp\/v2\/comments?post=48477"}],"version-history":[{"count":0,"href":"https:\/\/www.radiopresidenteibanez.cl\/web\/wp-json\/wp\/v2\/posts\/48477\/revisions"}],"wp:featuredmedia":[{"embeddable":true,"href":"https:\/\/www.radiopresidenteibanez.cl\/web\/wp-json\/wp\/v2\/media\/48478"}],"wp:attachment":[{"href":"https:\/\/www.radiopresidenteibanez.cl\/web\/wp-json\/wp\/v2\/media?parent=48477"}],"wp:term":[{"taxonomy":"category","embeddable":true,"href":"https:\/\/www.radiopresidenteibanez.cl\/web\/wp-json\/wp\/v2\/categories?post=48477"},{"taxonomy":"post_tag","embeddable":true,"href":"https:\/\/www.radiopresidenteibanez.cl\/web\/wp-json\/wp\/v2\/tags?post=48477"}],"curies":[{"name":"wp","href":"https:\/\/api.w.org\/{rel}","templated":true}]}}