{"id":48474,"date":"2024-05-16T13:49:00","date_gmt":"2024-05-16T16:49:00","guid":{"rendered":"https:\/\/www.radiopresidenteibanez.cl\/web\/?p=48474"},"modified":"2024-05-16T11:09:45","modified_gmt":"2024-05-16T14:09:45","slug":"sernameg-lanza-convocatoria-para-participar-en-la-escuela-de-lideres-politicas-y-sociales","status":"publish","type":"post","link":"https:\/\/www.radiopresidenteibanez.cl\/web\/sernameg-lanza-convocatoria-para-participar-en-la-escuela-de-lideres-politicas-y-sociales\/","title":{"rendered":"SERNAMEG LANZA CONVOCATORIA PARA PARTICIPAR EN LA ESCUELA DE LIDERES POLITICAS Y SOCIALES"},"content":{"rendered":"\n<p>Hasta<strong> el viernes&nbsp; 31 de mayo<\/strong>&nbsp;estar\u00e1n abiertas las postulaciones para participar en la&nbsp;<strong>Escuela de L\u00edderes Pol\u00edticas y Sociales del SernamEG<\/strong>, a trav\u00e9s del formulario disponible en la p\u00e1gina sernameg.gob.cl&nbsp; (<a href=\"https:\/\/www.sernameg.gob.cl\/?page_id=44996\">link<\/a>)<\/p>\n\n\n\n<p>El espacio est\u00e1 dirigido a mujeres de todo el pa\u00eds, desde los 15 a\u00f1os en adelante, que quieran fortalecer sus habilidades de liderazgo, pertenezcan a una organizaci\u00f3n y\/o tengan inter\u00e9s en participar en espacios de toma de decisi\u00f3n.<\/p>\n\n\n\n<p>Las clases se desarrollar\u00e1n en modalidad <em>e-learnning<\/em>, y contar\u00e1 con seis m\u00f3dulos de aprendizaje, considerando adem\u00e1s, una clase de bienvenida y capacitaci\u00f3n sobre la plataforma a trav\u00e9s de la cual se dictar\u00e1 la escuela, sumando ocho semanas continuas de estudio. &nbsp;<\/p>\n\n\n\n<p>Cada uno de los seis m\u00f3dulos de la escuela se iniciar\u00e1 con una clase sincr\u00f3nica para presentar los contenidos que se abordar\u00e1n. La escuela contempla 40 horas aproximadamente y las clases se desarrollar\u00e1n entre los meses de julio, agosto y septiembre del 2024.<\/p>\n\n\n\n<p>\u201cDesde el SernamEG nos interesa seguir apoyando la participaci\u00f3n de las mujeres en los espacios de poder y de toma de decisiones. Las cifras siguen evidenciando una importante brecha de g\u00e9nero en t\u00e9rminos de representatividad. El prop\u00f3sito de la escuela es potenciar los liderazgos de la diversidad de mujeres y contribuir en su participaci\u00f3n en todos los territorios y \u00e1mbitos de la sociedad\u201d, sostuvo la <strong>directora nacional del SernamEG, Priscilla Carrasco\u201d.<\/strong><strong><\/strong><\/p>\n\n\n\n<p><strong>Postulaciones<\/strong><\/p>\n\n\n\n<p>El objetivo de la escuela es contribuir en el mejoramiento de habilidades y competencias de las mujeres para ejercer sus liderazgos y potenciar una participaci\u00f3n activa e incidente en distintos espacios de decisi\u00f3n. En esta instancia las mujeres comparten estrategias de influencia, redes de contactos y la posibilidad de crear comunidades en sus regiones, adem\u00e1s de recibir informaci\u00f3n para un uso \u00f3ptimo de las redes sociales y TIC\u00b4S en general. Asimismo, pueden adquirir m\u00e1s elementos para liderar con enfoque de g\u00e9nero procesos de emergencias y desastres naturales.<\/p>\n\n\n\n<p><strong>Las mujeres interesadas en participar en la escuela deben ingresar su postulaci\u00f3n completando toda la informaci\u00f3n solicitada en la ficha.<\/strong><strong><\/strong><\/p>\n\n\n\n<p><strong>Los resultados de las postulaciones, estar\u00e1n disponibles entre el 17 y 21 de junio. Las personas seleccionadas ser\u00e1n notificadas por correo electr\u00f3nico. Tambi\u00e9n se puede conocer, a trav\u00e9s de las direcciones regionales de SernamEG correspondiente a la comuna de residencia de la postulante. <\/strong>Una vez seleccionadas las personas interesadas, se les enviar\u00e1 toda la informaci\u00f3n de fechas, horarios y actividades.<\/p>\n\n\n\n<p><strong>Es importante precisar que tendr\u00e1n preferencia de cupos las mujeres que postulas por primera vez a la Escuela de L\u00edderes Pol\u00edticas y Sociales 2024. Los cupos son limitados, por lo que la postulaci\u00f3n a la escuela no implica autom\u00e1ticamente su selecci\u00f3n.<\/strong><\/p>\n\n\n\n<p><strong>Para realizar consultas se dispuso el correo mujeryparticipacion@sernameg.gob.cl<\/strong><strong><\/strong><\/p>\n","protected":false},"excerpt":{"rendered":"<p>Hasta el viernes&nbsp; 31 de mayo&nbsp;estar\u00e1n abiertas las postulaciones para participar en la&nbsp;Escuela de L\u00edderes Pol\u00edticas y Sociales del SernamEG, a trav\u00e9s del formulario disponible en la p\u00e1gina sernameg.gob.cl&nbsp; (link)&#8230; <a class=\"read-more\" href=\"https:\/\/www.radiopresidenteibanez.cl\/web\/sernameg-lanza-convocatoria-para-participar-en-la-escuela-de-lideres-politicas-y-sociales\/\">Leer m\u00e1s<\/a><\/p>\n","protected":false},"author":2,"featured_media":48475,"comment_status":"closed","ping_status":"closed","sticky":false,"template":"","format":"standard","meta":{"footnotes":""},"categories":[1],"tags":[],"class_list":["post-48474","post","type-post","status-publish","format-standard","has-post-thumbnail","hentry","category-cronica"],"_links":{"self":[{"href":"https:\/\/www.radiopresidenteibanez.cl\/web\/wp-json\/wp\/v2\/posts\/48474","targetHints":{"allow":["GET"]}}],"collection":[{"href":"https:\/\/www.radiopresidenteibanez.cl\/web\/wp-json\/wp\/v2\/posts"}],"about":[{"href":"https:\/\/www.radiopresidenteibanez.cl\/web\/wp-json\/wp\/v2\/types\/post"}],"author":[{"embeddable":true,"href":"https:\/\/www.radiopresidenteibanez.cl\/web\/wp-json\/wp\/v2\/users\/2"}],"replies":[{"embeddable":true,"href":"https:\/\/www.radiopresidenteibanez.cl\/web\/wp-json\/wp\/v2\/comments?post=48474"}],"version-history":[{"count":0,"href":"https:\/\/www.radiopresidenteibanez.cl\/web\/wp-json\/wp\/v2\/posts\/48474\/revisions"}],"wp:featuredmedia":[{"embeddable":true,"href":"https:\/\/www.radiopresidenteibanez.cl\/web\/wp-json\/wp\/v2\/media\/48475"}],"wp:attachment":[{"href":"https:\/\/www.radiopresidenteibanez.cl\/web\/wp-json\/wp\/v2\/media?parent=48474"}],"wp:term":[{"taxonomy":"category","embeddable":true,"href":"https:\/\/www.radiopresidenteibanez.cl\/web\/wp-json\/wp\/v2\/categories?post=48474"},{"taxonomy":"post_tag","embeddable":true,"href":"https:\/\/www.radiopresidenteibanez.cl\/web\/wp-json\/wp\/v2\/tags?post=48474"}],"curies":[{"name":"wp","href":"https:\/\/api.w.org\/{rel}","templated":true}]}}