{"id":48464,"date":"2024-05-16T11:11:00","date_gmt":"2024-05-16T14:11:00","guid":{"rendered":"https:\/\/www.radiopresidenteibanez.cl\/web\/?p=48464"},"modified":"2024-05-16T09:44:00","modified_gmt":"2024-05-16T12:44:00","slug":"minsal-capacito-en-interculturalidad-a-funcionarios-de-la-red-provincial","status":"publish","type":"post","link":"https:\/\/www.radiopresidenteibanez.cl\/web\/minsal-capacito-en-interculturalidad-a-funcionarios-de-la-red-provincial\/","title":{"rendered":"MINSAL CAPACITO EN INTERCULTURALIDAD A FUNCIONARIOS DE LA RED PROVINCIAL"},"content":{"rendered":"\n<p>Este martes, en las dependencias del Hospital de Natales, se realiz\u00f3 una<br>capacitaci\u00f3n que tuvo como objetivo dar a conocer los avances del desarrollo<br>del Programa de Pueblos Ind\u00edgenas en paralelo con la reciente aprobaci\u00f3n del<br>reglamento del Art\u00edculo 7 de la Ley de Deberes y Derechos de los usuarios, que<br>establece el derecho de los pueblos ind\u00edgenas en Chile a recibir una atenci\u00f3n<br>de salud con pertinencia cultural.<br>El profesional de la Divisi\u00f3n de APS del Ministerio de Salud, Danilo R\u00edos, explic\u00f3<br>que \u201clos establecimientos deben tener un facilitador intercultural,<br>adecuaciones t\u00e9cnicas y organizacionales, deben otorgar asistencia espiritual a<br>las personas de los diversos pueblos ind\u00edgenas, etc. Entonces vinimos a<br>trabajar con los equipos para mejorar las condiciones de salud de las personas<br>pertenecientes a los 11 pueblos ind\u00edgenas reconocidos en nuestro pa\u00eds\u201d.<br>Por su parte, la referente de Salud y Migraci\u00f3n del Ministerio de Salud, Deiza<br>Troncoso, indic\u00f3 que la capacitaci\u00f3n intent\u00f3 \u201cdar a conocer tanto la normativa<br>como las prestaciones que se dan hacia la atenci\u00f3n de las personas migrantes<br>y qu\u00e9 podamos hacer como equipo de salud para acercarnos a la<br>interculturalidad\u201d.<\/p>\n\n\n\n<p>El director del Hospital Augusto Essmann Burgos, Ricardo Moya, indic\u00f3 que<br>\u201cfue una capacitaci\u00f3n designada a la red de salud de la Provincia de \u00daltima<br>Esperanza y estamos contentos que nuestros funcionarios se capaciten para<br>poder incorporar este tema tan importante para los pueblos ind\u00edgenas y<br>migrantes, para que los podamos atender de la mejor manera posible\u201d.<br>Finalmente, el referente de PESPI del Servicio de Salud de Magallanes, Ivar<br>Mu\u00f1oz, enfatiz\u00f3 en la relevancia de estas actividades: \u201cCreemos que la<br>poblaci\u00f3n ind\u00edgena, que es muy fuerte en la regi\u00f3n, debe ser atendida<br>entendiendo las particularidades de su procedencia, sus costumbres y sus<br>creencias a partir de la sensibilizaci\u00f3n e internalizaci\u00f3n de cada uno de esos<br>elementos\u201d.<\/p>\n","protected":false},"excerpt":{"rendered":"<p>Este martes, en las dependencias del Hospital de Natales, se realiz\u00f3 unacapacitaci\u00f3n que tuvo como objetivo dar a conocer los avances del desarrollodel Programa de Pueblos Ind\u00edgenas en paralelo con&#8230; <a class=\"read-more\" href=\"https:\/\/www.radiopresidenteibanez.cl\/web\/minsal-capacito-en-interculturalidad-a-funcionarios-de-la-red-provincial\/\">Leer m\u00e1s<\/a><\/p>\n","protected":false},"author":2,"featured_media":48465,"comment_status":"closed","ping_status":"closed","sticky":false,"template":"","format":"standard","meta":{"footnotes":""},"categories":[1],"tags":[],"class_list":["post-48464","post","type-post","status-publish","format-standard","has-post-thumbnail","hentry","category-cronica"],"_links":{"self":[{"href":"https:\/\/www.radiopresidenteibanez.cl\/web\/wp-json\/wp\/v2\/posts\/48464","targetHints":{"allow":["GET"]}}],"collection":[{"href":"https:\/\/www.radiopresidenteibanez.cl\/web\/wp-json\/wp\/v2\/posts"}],"about":[{"href":"https:\/\/www.radiopresidenteibanez.cl\/web\/wp-json\/wp\/v2\/types\/post"}],"author":[{"embeddable":true,"href":"https:\/\/www.radiopresidenteibanez.cl\/web\/wp-json\/wp\/v2\/users\/2"}],"replies":[{"embeddable":true,"href":"https:\/\/www.radiopresidenteibanez.cl\/web\/wp-json\/wp\/v2\/comments?post=48464"}],"version-history":[{"count":0,"href":"https:\/\/www.radiopresidenteibanez.cl\/web\/wp-json\/wp\/v2\/posts\/48464\/revisions"}],"wp:featuredmedia":[{"embeddable":true,"href":"https:\/\/www.radiopresidenteibanez.cl\/web\/wp-json\/wp\/v2\/media\/48465"}],"wp:attachment":[{"href":"https:\/\/www.radiopresidenteibanez.cl\/web\/wp-json\/wp\/v2\/media?parent=48464"}],"wp:term":[{"taxonomy":"category","embeddable":true,"href":"https:\/\/www.radiopresidenteibanez.cl\/web\/wp-json\/wp\/v2\/categories?post=48464"},{"taxonomy":"post_tag","embeddable":true,"href":"https:\/\/www.radiopresidenteibanez.cl\/web\/wp-json\/wp\/v2\/tags?post=48464"}],"curies":[{"name":"wp","href":"https:\/\/api.w.org\/{rel}","templated":true}]}}