{"id":4845,"date":"2019-06-06T14:48:19","date_gmt":"2019-06-06T14:48:19","guid":{"rendered":"http:\/\/www.radiopresidenteibanez.cl\/web\/?p=4845"},"modified":"2019-06-06T14:48:48","modified_gmt":"2019-06-06T14:48:48","slug":"veronica-aguilar-y-daniela-paniccuci-emplazaron-al-alcalde-radonich-para-que-se-reuna-con-los-docentes-paralizados","status":"publish","type":"post","link":"https:\/\/www.radiopresidenteibanez.cl\/web\/veronica-aguilar-y-daniela-paniccuci-emplazaron-al-alcalde-radonich-para-que-se-reuna-con-los-docentes-paralizados\/","title":{"rendered":"VER\u00d3NICA AGUILAR Y DANIELA PANICCUCI EMPLAZARON AL ALCALDE RADONICH PARA QUE SE RE\u00daNA CON LOS DOCENTES PARALIZADOS"},"content":{"rendered":"\n<p>El d\u00eda de ayer se realiz\u00f3 una nueva sesi\u00f3n del Concejo\nMunicipal de Punta Arenas, la cual se vio suspendida luego de que un grupo de\ndocentes y el Colegio de Profesores se manifestar\u00e1n a las afueras del municipio\nlocal; en la oportunidad las concejalas Ver\u00f3nica Aguilar y Daniela Paniccuci,\nsolicitaron que se detuviera la sesi\u00f3n con la finalidad de poder dialogar con\nlos manifestantes, lo cual fue as\u00ed y parte del cuerpo colegiado logro conversar\ncon ellos, y luego con el pasar de los minutos se sum\u00f3 Claudio Radonich.<\/p>\n\n\n\n<p>En este sentido la concejala por el Partido Socialista,\nDaniela Paniccuci, explic\u00f3 que \u201cel alcalde debe sentarse a conversar con las y\nlos docentes, se merecen una respuesta a sus demandas, no puede volver a pasar\nlo que sucedi\u00f3 en el consejo donde estaban sentados los se\u00f1ores Christian\nRevecco y Segundo \u00c1lvarez y ninguno fue capaz de pararse y salir hablar con los\nprofesores, por \u00faltimo, para citarlos a una reuni\u00f3n\u201d<\/p>\n\n\n\n<p>En la oportunidad tambi\u00e9n la concejala, agreg\u00f3 que \u201ccuando\nvolv\u00ed de mi pos \u2013 natal, vi muchas caras nuevas entre ellas la secretaria de la\ndirectiva de un partido, Radonich debe dejar de pagar favores pol\u00edticos y\npreocuparse de otras cosas m\u00e1s importantes o entregar las mismas oportunidades\na otras personas\u201d, puntualiz\u00f3.<\/p>\n\n\n\n<p>Por su parte la concejal por el PPD, Ver\u00f3nica Aguilar,\ncoment\u00f3 que \u201ces inexplicable que Claudio Radonich no quiera conversar con los\ndocentes pertenecientes a la Cormupa en primera instancia, \u00e9l es presidente de\neste organismo y debe entregar respuestas a las demandas de los profesores, ya\nque el paro a pesar de ser nacional tambi\u00e9n tiene agregados de problem\u00e1ticas\nregionales\u201d.<\/p>\n\n\n\n<p>Finalmente, se desconoce si el alcalde o tanto el secretario\nde la Cormupa, Segundo \u00c1lvarez como el jefe del \u00c1rea de Educaci\u00f3n, Christian\nRevecco, se reunir\u00e1n con el Colegio de Profesores, para escuchar sus demandas.<\/p>\n\n\n\n<p>Cabe recordar que el Colegio de Profesores y docentes han desmentido en variadas oportunidades tanto los dichos de Claudio Radonich como de directivos de la Corporaci\u00f3n Municipal de Punta Arenas, en las cifras entregadas por la adhesi\u00f3n de las y los profesores al paro nacional, as\u00ed tambi\u00e9n para este jueves se convoc\u00f3 a marcha nacional de profesores la cual comenzar\u00e1 en Punta Arenas a las 18 horas desde diagonal Don Bosco.<\/p>\n\n\n\n<p>CHH.<\/p>\n\n\n\n<figure class=\"wp-block-image\"><img loading=\"lazy\" decoding=\"async\" width=\"1024\" height=\"576\" src=\"https:\/\/www.radiopresidenteibanez.cl\/web\/wp-content\/uploads\/2019\/06\/Presentaci\u00f3n1-1024x576.jpg\" alt=\"\" class=\"wp-image-4846\" srcset=\"https:\/\/www.radiopresidenteibanez.cl\/web\/wp-content\/uploads\/2019\/06\/Presentaci\u00f3n1-1024x576.jpg 1024w, https:\/\/www.radiopresidenteibanez.cl\/web\/wp-content\/uploads\/2019\/06\/Presentaci\u00f3n1-300x169.jpg 300w, https:\/\/www.radiopresidenteibanez.cl\/web\/wp-content\/uploads\/2019\/06\/Presentaci\u00f3n1-768x432.jpg 768w, https:\/\/www.radiopresidenteibanez.cl\/web\/wp-content\/uploads\/2019\/06\/Presentaci\u00f3n1.jpg 1280w\" sizes=\"auto, (max-width: 1024px) 100vw, 1024px\" \/><\/figure>\n","protected":false},"excerpt":{"rendered":"<p>El d\u00eda de ayer se realiz\u00f3 una nueva sesi\u00f3n del Concejo Municipal de Punta Arenas, la cual se vio suspendida luego de que un grupo de docentes y el Colegio&#8230; <a class=\"read-more\" href=\"https:\/\/www.radiopresidenteibanez.cl\/web\/veronica-aguilar-y-daniela-paniccuci-emplazaron-al-alcalde-radonich-para-que-se-reuna-con-los-docentes-paralizados\/\">Leer m\u00e1s<\/a><\/p>\n","protected":false},"author":2,"featured_media":4846,"comment_status":"closed","ping_status":"closed","sticky":false,"template":"","format":"standard","meta":{"footnotes":""},"categories":[5],"tags":[],"class_list":["post-4845","post","type-post","status-publish","format-standard","has-post-thumbnail","hentry","category-politica"],"_links":{"self":[{"href":"https:\/\/www.radiopresidenteibanez.cl\/web\/wp-json\/wp\/v2\/posts\/4845","targetHints":{"allow":["GET"]}}],"collection":[{"href":"https:\/\/www.radiopresidenteibanez.cl\/web\/wp-json\/wp\/v2\/posts"}],"about":[{"href":"https:\/\/www.radiopresidenteibanez.cl\/web\/wp-json\/wp\/v2\/types\/post"}],"author":[{"embeddable":true,"href":"https:\/\/www.radiopresidenteibanez.cl\/web\/wp-json\/wp\/v2\/users\/2"}],"replies":[{"embeddable":true,"href":"https:\/\/www.radiopresidenteibanez.cl\/web\/wp-json\/wp\/v2\/comments?post=4845"}],"version-history":[{"count":0,"href":"https:\/\/www.radiopresidenteibanez.cl\/web\/wp-json\/wp\/v2\/posts\/4845\/revisions"}],"wp:featuredmedia":[{"embeddable":true,"href":"https:\/\/www.radiopresidenteibanez.cl\/web\/wp-json\/wp\/v2\/media\/4846"}],"wp:attachment":[{"href":"https:\/\/www.radiopresidenteibanez.cl\/web\/wp-json\/wp\/v2\/media?parent=4845"}],"wp:term":[{"taxonomy":"category","embeddable":true,"href":"https:\/\/www.radiopresidenteibanez.cl\/web\/wp-json\/wp\/v2\/categories?post=4845"},{"taxonomy":"post_tag","embeddable":true,"href":"https:\/\/www.radiopresidenteibanez.cl\/web\/wp-json\/wp\/v2\/tags?post=4845"}],"curies":[{"name":"wp","href":"https:\/\/api.w.org\/{rel}","templated":true}]}}