{"id":48442,"date":"2024-05-15T16:53:00","date_gmt":"2024-05-15T19:53:00","guid":{"rendered":"https:\/\/www.radiopresidenteibanez.cl\/web\/?p=48442"},"modified":"2024-05-15T15:47:44","modified_gmt":"2024-05-15T18:47:44","slug":"dos-proyectos-de-mejoramiento-urbano-en-natales-obtienen-la-recomendacion-satisfactoria-para-su-ejecucion","status":"publish","type":"post","link":"https:\/\/www.radiopresidenteibanez.cl\/web\/dos-proyectos-de-mejoramiento-urbano-en-natales-obtienen-la-recomendacion-satisfactoria-para-su-ejecucion\/","title":{"rendered":"DOS PROYECTOS DE MEJORAMIENTO URBANO EN NATALES OBTIENEN LA RECOMENDACION SATISFACTORIA PARA SU EJECUCION"},"content":{"rendered":"\n<p>El departamento de Inversiones de la Secretar\u00eda Regional<br>Ministerial de Desarrollo Social y Familia recomend\u00f3 de manera satisfactoria la etapa de ejecuci\u00f3n<br>de dos proyectos de mejoramiento urbano para la comuna de Natales.<br>El primero de ellos consiste en la reposici\u00f3n total del cuartel de la Primera Compa\u00f1\u00eda de Bomberos<br>de Natales, construido en 1949 y que presenta un grave deterioro en sus instalaciones,<br>impactando el tiempo de respuesta de esta instituci\u00f3n frente a las emergencias.<br>La segunda iniciativa aborda la creaci\u00f3n y mejoramiento de dos plazas para el barrio Chile Nuevo,<br>iniciativas que fueron priorizadas por los vecinos de este antiguo sector, el cual es considerado el<br>segundo polo de crecimiento de la comuna.<br>El Seremi de Desarrollo Social y Familia, Danilo Mimica, explic\u00f3 que \u201crespecto al cuartel de<br>Bomberos analizamos las tres alternativas que nos present\u00f3 la Direcci\u00f3n Regional de Arquitectura<br>de la Seremi de Obras P\u00fablicas, donde determinamos que la mejor opci\u00f3n, desde el an\u00e1lisis<br>costo\/eficiencia, es construir un nuevo cuartel en el mismo terreno que se est\u00e1 utilizando.<br>Adem\u00e1s, aprobamos la construcci\u00f3n de la plaza Lanceros a trav\u00e9s de la recuperaci\u00f3n de dos sitios<br>eriazos, y el mejoramiento de la plaza Padre Pedro Mar\u00eda Rossa, que incluye la instalaci\u00f3n de una<br>p\u00e9rgola techada, iluminaci\u00f3n y espacios de accesibilidad universal\u201d.<br>Los proyectos<br>De acuerdo al plan arquitect\u00f3nico, el nuevo cuartel de la Primera Compa\u00f1\u00eda de Bomberos contar\u00e1<br>con una superficie de 941 m2 distribuidos en dos pisos, que incluyen una sala de m\u00e1quinas, sala de<br>comunicaciones, sala de honor, espacios para capacitaciones, acondicionamiento f\u00edsico, guardia<br>nocturna para hombres y mujeres, entre otros.<br>Con la recomendaci\u00f3n satisfactoria este proyecto busca ser financiado por el Gobierno Regional, el<br>cual tiene un costo de $4.488 millones para ser construido.<br>A su vez, en la plaza Padre Pedro Mar\u00eda Rossa se contempla una nueva p\u00e9rgola para albergar ferias<br>libres, bazares y actividades deportivas, y la creaci\u00f3n de estacionamientos para personas en<br>situaci\u00f3n de discapacidad. Adem\u00e1s, se repondr\u00e1n luminarias, bancas y \u00e1reas verdes, junto con la<br>reconstrucci\u00f3n de una placa en homenaje a la historia del barrio.<br>Finalmente, en la plaza Lanceros, al ser dos espacios p\u00fablicos, se les dar\u00e1 una connotaci\u00f3n<br>caracter\u00edstica. Uno estar\u00e1 enfocado en crear un punto de reciclaje, retomando una antigua<br>iniciativa que surgi\u00f3 desde los vecinos; y por otro lado, se generar\u00e1 un espacio deportivo,<br>enfocado en el grupo etario adulto del barrio, con la implementaci\u00f3n de m\u00e1quinas de ejercicios, y<br>un aro de b\u00e1squetbol.<\/p>\n\n\n\n<p>El mejoramiento y construcci\u00f3n de estas plazas tiene un costo de $682 millones, que busca ser<br>financiado por el Servicio de Vivienda y Urbanizaci\u00f3n, y el Gobierno Regional.<\/p>\n","protected":false},"excerpt":{"rendered":"<p>El departamento de Inversiones de la Secretar\u00eda RegionalMinisterial de Desarrollo Social y Familia recomend\u00f3 de manera satisfactoria la etapa de ejecuci\u00f3nde dos proyectos de mejoramiento urbano para la comuna de&#8230; <a class=\"read-more\" href=\"https:\/\/www.radiopresidenteibanez.cl\/web\/dos-proyectos-de-mejoramiento-urbano-en-natales-obtienen-la-recomendacion-satisfactoria-para-su-ejecucion\/\">Leer m\u00e1s<\/a><\/p>\n","protected":false},"author":2,"featured_media":48443,"comment_status":"closed","ping_status":"closed","sticky":false,"template":"","format":"standard","meta":{"footnotes":""},"categories":[1],"tags":[],"class_list":["post-48442","post","type-post","status-publish","format-standard","has-post-thumbnail","hentry","category-cronica"],"_links":{"self":[{"href":"https:\/\/www.radiopresidenteibanez.cl\/web\/wp-json\/wp\/v2\/posts\/48442","targetHints":{"allow":["GET"]}}],"collection":[{"href":"https:\/\/www.radiopresidenteibanez.cl\/web\/wp-json\/wp\/v2\/posts"}],"about":[{"href":"https:\/\/www.radiopresidenteibanez.cl\/web\/wp-json\/wp\/v2\/types\/post"}],"author":[{"embeddable":true,"href":"https:\/\/www.radiopresidenteibanez.cl\/web\/wp-json\/wp\/v2\/users\/2"}],"replies":[{"embeddable":true,"href":"https:\/\/www.radiopresidenteibanez.cl\/web\/wp-json\/wp\/v2\/comments?post=48442"}],"version-history":[{"count":0,"href":"https:\/\/www.radiopresidenteibanez.cl\/web\/wp-json\/wp\/v2\/posts\/48442\/revisions"}],"wp:featuredmedia":[{"embeddable":true,"href":"https:\/\/www.radiopresidenteibanez.cl\/web\/wp-json\/wp\/v2\/media\/48443"}],"wp:attachment":[{"href":"https:\/\/www.radiopresidenteibanez.cl\/web\/wp-json\/wp\/v2\/media?parent=48442"}],"wp:term":[{"taxonomy":"category","embeddable":true,"href":"https:\/\/www.radiopresidenteibanez.cl\/web\/wp-json\/wp\/v2\/categories?post=48442"},{"taxonomy":"post_tag","embeddable":true,"href":"https:\/\/www.radiopresidenteibanez.cl\/web\/wp-json\/wp\/v2\/tags?post=48442"}],"curies":[{"name":"wp","href":"https:\/\/api.w.org\/{rel}","templated":true}]}}