{"id":48436,"date":"2024-05-15T14:39:00","date_gmt":"2024-05-15T17:39:00","guid":{"rendered":"https:\/\/www.radiopresidenteibanez.cl\/web\/?p=48436"},"modified":"2024-05-15T10:27:17","modified_gmt":"2024-05-15T13:27:17","slug":"centro-de-estudios-regionales-de-la-umag-combino-pasado-y-presente-para-analizar-el-futuro-laboral-de-magallanes","status":"publish","type":"post","link":"https:\/\/www.radiopresidenteibanez.cl\/web\/centro-de-estudios-regionales-de-la-umag-combino-pasado-y-presente-para-analizar-el-futuro-laboral-de-magallanes\/","title":{"rendered":"CENTRO DE ESTUDIOS REGIONALES DE LA UMAG COMBINO PASADO Y PRESENTE PARA ANALIZAR EL FUTURO LABORAL DE MAGALLANES"},"content":{"rendered":"\n<p>A modo de conmemoraci\u00f3n del D\u00eda Internacional de los Trabajadores y Trabajadoras, el Centro de Estudios Regionales de la Universidad de Magallanes (UMAG) organiz\u00f3 un encuentro denominado&nbsp;<strong>Jornadas de Estudios del Trabajo.<\/strong>&nbsp;Alrededor de 15 representantes de las ciencias sociales, Gobierno Regional, sectores p\u00fablico y privado y mundo gremial, dieron vida a esta actividad con conversatorios y exposiciones, logrando una amplia convocatoria en sus dos d\u00edas. El primero fue destinado a los Estudios Contempor\u00e1neos del Trabajo, y el segundo, a la Historia del Trabajo y Memorias Obreras en la Patagonia.<\/p>\n\n\n\n<p>\u201cTiene que ver con la impronta que le queremos dar desde el Centro de Estudios Regionales al \u00e1rea de estudios del trabajo: combinar historia y presente para poder mirar un poco el futuro de la regi\u00f3n\u201d, explic\u00f3 el director del Centro a cargo de la organizaci\u00f3n,&nbsp;<strong>Felipe Lagos Rojas.<\/strong>&nbsp;En la primera jornada, se abordaron temas como la exclusi\u00f3n por g\u00e9nero y nacionalidad en las trayectorias laborales, las oportunidades para el desarrollo de investigaci\u00f3n de mercados regionales y las actuales din\u00e1micas del trabajo, entre otros.<\/p>\n\n\n\n<p>Uno de los expositores, el investigador de la Universidad Nacional de la Patagonia Austral (UNPA),&nbsp;<strong>Alejandro Schweitzer,<\/strong>&nbsp;afirm\u00f3 que \u201cpor ejemplo ac\u00e1, el discurso de los proyectos de hidr\u00f3geno verde es que son para la transici\u00f3n y la descarbonizaci\u00f3n. Entonces yo traje eso a la perspectiva hist\u00f3rica, y como soy ge\u00f3grafo, lo inclu\u00ed en las fronteras de la expansi\u00f3n del capital en la Patagonia Sur. La frontera del ovino en el siglo 19, la de la ballena en el siglo 18, la de la miner\u00eda del oro, del carb\u00f3n, las distintas fronteras, y abord\u00e9 c\u00f3mo avanzaron y ahora c\u00f3mo est\u00e1 el territorio. El hidr\u00f3geno verde puede ser tanto una pol\u00edtica energ\u00e9tica como un fen\u00f3meno ligado a la especulaci\u00f3n inmobiliaria\u201d.<\/p>\n\n\n\n<p>La jornada siguiente abord\u00f3 las \u201cHistorias del Trabajo en la Patagonia Norte y Sur en Argentina y Chile\u201d, con temas como las din\u00e1micas econ\u00f3micas y trayectorias laborales de las mujeres, los rastros de desigualdad social en la migraci\u00f3n chilota, las huelgas patag\u00f3nicas y la educaci\u00f3n para el trabajo, en clave binacional. Para&nbsp;<strong>Ljuba Boric,<\/strong>&nbsp;investigadora del Instituto Ta I\u00f1 Pewam de la Universidad Cat\u00f3lica de Temuco, lo m\u00e1s valioso fue \u201cvisibilizar actores que muchas veces no han estado presentes dentro de los relatos. Salieron a flote las mujeres, los ind\u00edgenas, los chilotes, las infancias -porque los ni\u00f1os y las ni\u00f1as tambi\u00e9n fueron parte de los procesos- haciendo una relectura de toda la valorizaci\u00f3n. Ah\u00ed quedan bastantes interrogantes y desaf\u00edos para el futuro\u201d.<\/p>\n\n\n\n<p>Otro aspecto incluido en la conversaci\u00f3n fue el Patrimonio, la Memoria y las Manifestaciones Obreras, a partir de temas como las arquitecturas chilotas fundacionales en Magallanes, los conjuntos habitacionales de la industria del petr\u00f3leo, y el ejercicio de reconstrucci\u00f3n de la memoria popular escrita. Tambi\u00e9n se realizaron conversatorios en el Museo de Historia Natural de R\u00edo Seco, enfocados en la transici\u00f3n energ\u00e9tica y la nueva industrializaci\u00f3n regional<\/p>\n","protected":false},"excerpt":{"rendered":"<p>A modo de conmemoraci\u00f3n del D\u00eda Internacional de los Trabajadores y Trabajadoras, el Centro de Estudios Regionales de la Universidad de Magallanes (UMAG) organiz\u00f3 un encuentro denominado&nbsp;Jornadas de Estudios del&#8230; <a class=\"read-more\" href=\"https:\/\/www.radiopresidenteibanez.cl\/web\/centro-de-estudios-regionales-de-la-umag-combino-pasado-y-presente-para-analizar-el-futuro-laboral-de-magallanes\/\">Leer m\u00e1s<\/a><\/p>\n","protected":false},"author":2,"featured_media":48437,"comment_status":"closed","ping_status":"closed","sticky":false,"template":"","format":"standard","meta":{"footnotes":""},"categories":[1],"tags":[],"class_list":["post-48436","post","type-post","status-publish","format-standard","has-post-thumbnail","hentry","category-cronica"],"_links":{"self":[{"href":"https:\/\/www.radiopresidenteibanez.cl\/web\/wp-json\/wp\/v2\/posts\/48436","targetHints":{"allow":["GET"]}}],"collection":[{"href":"https:\/\/www.radiopresidenteibanez.cl\/web\/wp-json\/wp\/v2\/posts"}],"about":[{"href":"https:\/\/www.radiopresidenteibanez.cl\/web\/wp-json\/wp\/v2\/types\/post"}],"author":[{"embeddable":true,"href":"https:\/\/www.radiopresidenteibanez.cl\/web\/wp-json\/wp\/v2\/users\/2"}],"replies":[{"embeddable":true,"href":"https:\/\/www.radiopresidenteibanez.cl\/web\/wp-json\/wp\/v2\/comments?post=48436"}],"version-history":[{"count":0,"href":"https:\/\/www.radiopresidenteibanez.cl\/web\/wp-json\/wp\/v2\/posts\/48436\/revisions"}],"wp:featuredmedia":[{"embeddable":true,"href":"https:\/\/www.radiopresidenteibanez.cl\/web\/wp-json\/wp\/v2\/media\/48437"}],"wp:attachment":[{"href":"https:\/\/www.radiopresidenteibanez.cl\/web\/wp-json\/wp\/v2\/media?parent=48436"}],"wp:term":[{"taxonomy":"category","embeddable":true,"href":"https:\/\/www.radiopresidenteibanez.cl\/web\/wp-json\/wp\/v2\/categories?post=48436"},{"taxonomy":"post_tag","embeddable":true,"href":"https:\/\/www.radiopresidenteibanez.cl\/web\/wp-json\/wp\/v2\/tags?post=48436"}],"curies":[{"name":"wp","href":"https:\/\/api.w.org\/{rel}","templated":true}]}}