{"id":48392,"date":"2024-05-14T09:38:00","date_gmt":"2024-05-14T12:38:00","guid":{"rendered":"https:\/\/www.radiopresidenteibanez.cl\/web\/?p=48392"},"modified":"2024-05-14T08:48:05","modified_gmt":"2024-05-14T11:48:05","slug":"encuentro-nacional-mop-reunio-a-los-11-pueblos-indigenas-para-avanzar-en-seguridad-hidrica","status":"publish","type":"post","link":"https:\/\/www.radiopresidenteibanez.cl\/web\/encuentro-nacional-mop-reunio-a-los-11-pueblos-indigenas-para-avanzar-en-seguridad-hidrica\/","title":{"rendered":"ENCUENTRO NACIONAL MOP REUNIO A LOS 11 PUEBLOS INDIGENAS PARA AVANZAR EN SEGURIDAD HIDRICA"},"content":{"rendered":"\n<p>M\u00e1s de 40 delegadas y delegados de los 11 pueblos ind\u00edgenas reconocidos por Chile se<br>reunieron para dar a conocer sus experiencias, preocupaciones y propuestas de acci\u00f3n para<br>la elaboraci\u00f3n del anteproyecto del Plan de Adaptaci\u00f3n al Cambio Clim\u00e1tico en el sector de<br>los Recursos H\u00eddricos, entendiendo el agua como elemento vital que sustenta la vida y el<br>desarrollo de estas comunidades. &nbsp;<br>Esta instancia se realiza luego de una serie de talleres con representantes de los pueblos<br>Aimara (Aymara), Quechua, Atacame\u00f1o (Lickanantay), Colla, Chango, Diaguita, Rapa Nui,<br>Mapuche, Yag\u00e1n, Kawashkar (Kaw\u00e9sqar) y Selk\u2019nam, que convocaron a m\u00e1s de 200 personas<br>pertenecientes a los pueblos ind\u00edgenas en encuentros presenciales en Arica, Iquique, San<br>Pedro de Atacama, Copiap\u00f3, Vallenar, La Serena, Rapa Nui, Temuco, Castro y Punta Arenas y<br>Puerto Williams, los que fueron complementados con talleres virtuales.<br>La elaboraci\u00f3n del Plan es liderada por la Direcci\u00f3n General de Aguas del MOP, cuenta con<br>el apoyo de la Organizaci\u00f3n de las Naciones Unidas para la Alimentaci\u00f3n y la Agricultura<br>(FAO), el financiamiento del Fondo Verde del Clima y la colaboraci\u00f3n del Centro de Cambio<br>Global de la Universidad Cat\u00f3lica, en conjunto con universidades y centros de estudios en<br>distintas regiones del pa\u00eds. &nbsp;<br>El director general de Aguas del MOP, Rodrigo Sanhueza, agradeci\u00f3 el inter\u00e9s de las y los<br>delegados de participar en el taller nacional. \u201cEste es un trabajo que se construye con<br>inter\u00e9s, por lo que se valora la participaci\u00f3n de las y los presentes, como tambi\u00e9n el<br>expresar con claridad lo que necesitan. Para este Plan era vital que tuviese la mirada de los<br>pueblos ind\u00edgenas, porque sin ella el plan queda corto, porque las realidades h\u00eddricas son<br>diversas y no se pueden homogeneizar las medidas\u201d. &nbsp;<br>La representante de FAO en Chile, Eve Crowley, celebr\u00f3 los esfuerzos de las delegadas\/os de<br>las comunidades de los diferentes pueblos quienes, \u201ccon total solidaridad, compartieron sus<br>conocimientos e intereses por el porvenir de la seguridad h\u00eddrica de sus territorios. Su<br>contribuci\u00f3n permite establecer seriamente un di\u00e1logo intercultural que respete las<br>particularidades de cada pueblo y, a su vez, fortalezca los espacios democr\u00e1ticos desde un<br>enfoque de derecho humanos\u201d, expres\u00f3. &nbsp;<br>El Seremi de Obras P\u00fablicas, Jos\u00e9 Luis Hern\u00e1ndez, dijo que el Plan de Adaptaci\u00f3n al Cambio<br>Clim\u00e1tico para el sector de los Recursos H\u00eddricos es uno de los planes sectoriales de<br>adaptaci\u00f3n mandatados por la Ley Marco de Cambio Clim\u00e1tico y busca desarrollar<br>estrategias y medidas espec\u00edficas para reducir la vulnerabilidad y aumentar la capacidad de<br>resiliencia frente a los impactos y riesgos de cambio clim\u00e1tico en los recursos h\u00eddricos,<br>minimizando sus efectos negativos y maximizando sus beneficios en t\u00e9rminos de<br>sostenibilidad econ\u00f3mica, social y ambiental. En este sentido, en la instancia con los<br>pueblos, se plantearon acciones para fortalecer el trabajo con las comunidades y desarrollar<\/p>\n\n\n\n<p>un plan de trabajo para incorporar la interculturalidad en la futura implementaci\u00f3n de<br>medidas del Plan. &nbsp;<br>Este proceso participativo, sumado a los talleres macrozonales con distintos sectores de la<br>sociedad realizados, aportar\u00e1n a la elaboraci\u00f3n del anteproyecto del Plan, el que ser\u00e1<br>presentado a consulta p\u00fablica para ser revisado por la ciudadan\u00eda a partir del mes de junio.<br>Para mayor informaci\u00f3n, visitar https:\/\/snia.mop.gob.cl\/pacc-rh\/inicio<\/p>\n","protected":false},"excerpt":{"rendered":"<p>M\u00e1s de 40 delegadas y delegados de los 11 pueblos ind\u00edgenas reconocidos por Chile sereunieron para dar a conocer sus experiencias, preocupaciones y propuestas de acci\u00f3n parala elaboraci\u00f3n del anteproyecto&#8230; <a class=\"read-more\" href=\"https:\/\/www.radiopresidenteibanez.cl\/web\/encuentro-nacional-mop-reunio-a-los-11-pueblos-indigenas-para-avanzar-en-seguridad-hidrica\/\">Leer m\u00e1s<\/a><\/p>\n","protected":false},"author":2,"featured_media":48393,"comment_status":"closed","ping_status":"closed","sticky":false,"template":"","format":"standard","meta":{"footnotes":""},"categories":[1],"tags":[],"class_list":["post-48392","post","type-post","status-publish","format-standard","has-post-thumbnail","hentry","category-cronica"],"_links":{"self":[{"href":"https:\/\/www.radiopresidenteibanez.cl\/web\/wp-json\/wp\/v2\/posts\/48392","targetHints":{"allow":["GET"]}}],"collection":[{"href":"https:\/\/www.radiopresidenteibanez.cl\/web\/wp-json\/wp\/v2\/posts"}],"about":[{"href":"https:\/\/www.radiopresidenteibanez.cl\/web\/wp-json\/wp\/v2\/types\/post"}],"author":[{"embeddable":true,"href":"https:\/\/www.radiopresidenteibanez.cl\/web\/wp-json\/wp\/v2\/users\/2"}],"replies":[{"embeddable":true,"href":"https:\/\/www.radiopresidenteibanez.cl\/web\/wp-json\/wp\/v2\/comments?post=48392"}],"version-history":[{"count":0,"href":"https:\/\/www.radiopresidenteibanez.cl\/web\/wp-json\/wp\/v2\/posts\/48392\/revisions"}],"wp:featuredmedia":[{"embeddable":true,"href":"https:\/\/www.radiopresidenteibanez.cl\/web\/wp-json\/wp\/v2\/media\/48393"}],"wp:attachment":[{"href":"https:\/\/www.radiopresidenteibanez.cl\/web\/wp-json\/wp\/v2\/media?parent=48392"}],"wp:term":[{"taxonomy":"category","embeddable":true,"href":"https:\/\/www.radiopresidenteibanez.cl\/web\/wp-json\/wp\/v2\/categories?post=48392"},{"taxonomy":"post_tag","embeddable":true,"href":"https:\/\/www.radiopresidenteibanez.cl\/web\/wp-json\/wp\/v2\/tags?post=48392"}],"curies":[{"name":"wp","href":"https:\/\/api.w.org\/{rel}","templated":true}]}}