{"id":48376,"date":"2024-05-13T15:15:32","date_gmt":"2024-05-13T18:15:32","guid":{"rendered":"https:\/\/www.radiopresidenteibanez.cl\/web\/?p=48376"},"modified":"2024-05-13T15:15:37","modified_gmt":"2024-05-13T18:15:37","slug":"con-construccion-de-muelle-en-bahia-fildes-comienza-habilitacion-de-nueva-infraestructura-para-la-antartica","status":"publish","type":"post","link":"https:\/\/www.radiopresidenteibanez.cl\/web\/con-construccion-de-muelle-en-bahia-fildes-comienza-habilitacion-de-nueva-infraestructura-para-la-antartica\/","title":{"rendered":"CON CONSTRUCCION DE MUELLE EN BAHIA FILDES COMIENZA HABILITACION DE NUEVA INFRAESTRUCTURA PARA LA ANTARTICA"},"content":{"rendered":"\n<p>La presencia chilena en territorio Ant\u00e1rtico est\u00e1 siendo impulsada con especial<br>fuerza por el Gobierno del Presidente Gabriel Boric, quien en su \u00faltima cuenta p\u00fablica dio a<br>conocer una serie de medidas que se est\u00e1n tomando para, entre otros objetivos, reforzar las bases<br>nacionales en el Continente Blanco.<br>La Regi\u00f3n de Magallanes en su b\u00fasqueda de potenciar su imagen como puerta de entrada a la<br>Ant\u00e1rtica, tambi\u00e9n est\u00e1 trabajando en esta l\u00ednea, y una de sus acciones m\u00e1s significativas en esta<br>direcci\u00f3n, tiene que ver con la construcci\u00f3n de nueva infraestructura para el territorio, la que<br>comenzar\u00e1 a concretarse en agosto de este a\u00f1o.<br>Para anunciar este importante hito, en el Muelle Capit\u00e1n Guillermos de Asmar, el Delegado<br>Presidencial, Jorge Ruiz, junto al Comandante en Jefe de la Tercera Zona Naval, Contralmirante<br>Jorge Castillo; el seremi de Obras P\u00fablicas, Jos\u00e9 Luis Hern\u00e1ndez; la seremi de Ciencia, Tecnolog\u00eda,<br>Conocimiento e Innovaci\u00f3n, Macrozona Austral, Ver\u00f3nica Vallejos; el director del Inach (s), Andr\u00e9s<br>L\u00f3pez; y otras autoridades regionales, anunciaron la adjudicaci\u00f3n de la licitaci\u00f3n de la<br>construcci\u00f3n del muelle Bah\u00eda Fildes, ubicada en la Isla Rey Jorge, Ant\u00e1rtica.<br>El muelle de 27mt lineales, por 22,5 mt de ancho, y una explanada de aproximadamente 1600<br>mt2, busca facilita el embarque y desembarque de personas y de carga, para as\u00ed mejorar el<br>abastecimiento requerido para los operadores ant\u00e1rticos de la localidad. Adem\u00e1s, permitir\u00e1 dar el<br>primer soporte de las futuras construcciones proyectadas en el Continente Ant\u00e1rtico.<br>Durante el anuncio el Delegado Presidencial, Jos\u00e9 Ruiz, destac\u00f3 la importancia de esta obra, la cual<br>mejora el posicionamiento del Estado de Chile en el Continente Blanco. \u201cEs una obra que alcanza<br>los 23 mil millones de pesos con fondos del misterio de Obras P\u00fablicas, un proyecto que tambi\u00e9n<br>se embarca dentro del convenio de programaci\u00f3n que suscribimos con el Gobierno Regional. Por<br>tanto, va en la l\u00ednea de lo que nos platea el Presidente Gabriel Boric, con respecto a la ejecuci\u00f3n<br>de los anuncios que hemos realizado\u201d.<br>La autoridad de Gobierno, tambi\u00e9n resalt\u00f3 la labor de la Armada, la cual prontamente firmar\u00e1 un<br>convenio de colaboraci\u00f3n que permita el traslado de los materiales de construcci\u00f3n en buques de<br>la instituci\u00f3n naval, apoyo que permitir\u00e1 disminuir los costos de la licitaci\u00f3n.<br>El Comandante en Jefe de la Tercera Zona Naval, Jorge Castillo, sostuvo: \u201cLa Armada nuevamente<br>est\u00e1 con todas sus capacidades a disposici\u00f3n de contribuir en el desarrollo nacional, en este caso<\/p>\n\n\n\n<p>en un territorio relevante para nosotros como lo es la Ant\u00e1rtica. El Muelle Fildes sin duda desde el<br>punto de vista mar\u00edtimo va a contribuir a generar un nuevo desarrollo en Bahia Fildes,<br>complementando las capacidades aeroportuarias, permitiendo un mayor flujo de bienes, a trav\u00e9s<br>de ese punto tan relevante para el desarrollo nacional\u201d.<br>El seremi de Obras P\u00fablicas, subray\u00f3 el hecho de que esta obra es el principio de un proceso de<br>mejoramiento a nivel de organizaci\u00f3n estructural, dentro del territorio ant\u00e1rtico: \u201cEsta<br>infraestructura nos va a permitir abordar otras obras que tenemos en planificaci\u00f3n. Para el<br>pr\u00f3ximo a\u00f1o queremos comenzar con todo lo que tiene relaci\u00f3n con la conservaci\u00f3n de la pista del<br>aer\u00f3dromo teniente Marsh, por lo tanto, poder comenzar con esta primera obra es sumamente<br>relevante para nosotros, de esta forma marcamos presencia, resaltando que somos la puerta de<br>entrada a la Ant\u00e1rtica\u201d.<br>Le secretario Regional del Mop agreg\u00f3: \u201cEl fin de esta infraestructura ant\u00e1rtica es dar soporte a<br>todas las actividades que se desarrollen en el Continente Ant\u00e1rtico, no solamente aquellas<br>relacionadas con las Fuerzas Armadas, sino tambi\u00e9n ante el requerimiento de privados que<br>pudieran requerir del uso de esta infraestructura\u201d.<br>Desarrollo de la actividad cient\u00edfica<br>\u201cPara la ciencia es un hito sumamente relevante el poder contar con infraestructura que va a<br>permitir el desarrollo de mejor actividad cient\u00edfica, porque va hacer m\u00e1s segura, en el embarque<br>para las y los investigadores chilenos e internacionales que est\u00e9n desarrollando actividades en la<br>ant\u00e1rtica. No nos podemos olvidar que la pen\u00ednsula y Bah\u00eda Fildes es uno de los principales puertos<br>que tenemos en la Ant\u00e1rtica, la principal conexi\u00f3n con toda la actividad cient\u00edfica. Por lo tanto esta<br>infraestructura va a permitir no solamente seguridad, sino que adem\u00e1s la posibilidad de trasladar<br>todo el material asociado a la investigaci\u00f3n cient\u00edfica\u201d, sostuvo la seremi de Ciencias, Tecnolog\u00eda,<br>Conocimiento e Innovaci\u00f3n de la Macrozona Austral.<br>\u201cEsta es una muy buena noticia para el desarrollo de la ciencia. La parte log\u00edstica, el poder llegar a<br>la Ant\u00e1rtica, y poder tener los medios para desarrollar la ciencia es fundamental. Nosotros<br>tenemos un convenio con la direcci\u00f3n de obras portuarias que est\u00e1 vigente, y tambi\u00e9n<br>pretendemos dar el apoyo necesario para la realizaci\u00f3n de este proyecto\u201d, reconoci\u00f3 el director<br>del Inach(s), Andr\u00e9s L\u00f3pez.<br>Las autoridades presentes acordaron que desde todos los aspectos, este hito significar\u00e1 mejoras<br>sustantivas en la capacidad operativa que tiene el Gobierno de Chile en el Continente Blanco, el<br>inicio de un proceso que cambiar\u00e1 la presencia el pa\u00eds y la regi\u00f3n en dicho territorio.<\/p>\n","protected":false},"excerpt":{"rendered":"<p>La presencia chilena en territorio Ant\u00e1rtico est\u00e1 siendo impulsada con especialfuerza por el Gobierno del Presidente Gabriel Boric, quien en su \u00faltima cuenta p\u00fablica dio aconocer una serie de medidas&#8230; <a class=\"read-more\" href=\"https:\/\/www.radiopresidenteibanez.cl\/web\/con-construccion-de-muelle-en-bahia-fildes-comienza-habilitacion-de-nueva-infraestructura-para-la-antartica\/\">Leer m\u00e1s<\/a><\/p>\n","protected":false},"author":2,"featured_media":48377,"comment_status":"closed","ping_status":"closed","sticky":false,"template":"","format":"standard","meta":{"footnotes":""},"categories":[1],"tags":[],"class_list":["post-48376","post","type-post","status-publish","format-standard","has-post-thumbnail","hentry","category-cronica"],"_links":{"self":[{"href":"https:\/\/www.radiopresidenteibanez.cl\/web\/wp-json\/wp\/v2\/posts\/48376","targetHints":{"allow":["GET"]}}],"collection":[{"href":"https:\/\/www.radiopresidenteibanez.cl\/web\/wp-json\/wp\/v2\/posts"}],"about":[{"href":"https:\/\/www.radiopresidenteibanez.cl\/web\/wp-json\/wp\/v2\/types\/post"}],"author":[{"embeddable":true,"href":"https:\/\/www.radiopresidenteibanez.cl\/web\/wp-json\/wp\/v2\/users\/2"}],"replies":[{"embeddable":true,"href":"https:\/\/www.radiopresidenteibanez.cl\/web\/wp-json\/wp\/v2\/comments?post=48376"}],"version-history":[{"count":0,"href":"https:\/\/www.radiopresidenteibanez.cl\/web\/wp-json\/wp\/v2\/posts\/48376\/revisions"}],"wp:featuredmedia":[{"embeddable":true,"href":"https:\/\/www.radiopresidenteibanez.cl\/web\/wp-json\/wp\/v2\/media\/48377"}],"wp:attachment":[{"href":"https:\/\/www.radiopresidenteibanez.cl\/web\/wp-json\/wp\/v2\/media?parent=48376"}],"wp:term":[{"taxonomy":"category","embeddable":true,"href":"https:\/\/www.radiopresidenteibanez.cl\/web\/wp-json\/wp\/v2\/categories?post=48376"},{"taxonomy":"post_tag","embeddable":true,"href":"https:\/\/www.radiopresidenteibanez.cl\/web\/wp-json\/wp\/v2\/tags?post=48376"}],"curies":[{"name":"wp","href":"https:\/\/api.w.org\/{rel}","templated":true}]}}