{"id":48373,"date":"2024-05-13T12:55:00","date_gmt":"2024-05-13T15:55:00","guid":{"rendered":"https:\/\/www.radiopresidenteibanez.cl\/web\/?p=48373"},"modified":"2024-05-13T11:55:22","modified_gmt":"2024-05-13T14:55:22","slug":"centros-de-padres-y-apoderados-y-el-slep-magallanes-conversaron-sobre-nueva-educacion-publica","status":"publish","type":"post","link":"https:\/\/www.radiopresidenteibanez.cl\/web\/centros-de-padres-y-apoderados-y-el-slep-magallanes-conversaron-sobre-nueva-educacion-publica\/","title":{"rendered":"CENTROS DE PADRES Y APODERADOS Y EL SLEP MAGALLANES CONVERSARON SOBRE NUEVA EDUCACION PUBLICA"},"content":{"rendered":"\n<p>Con la participaci\u00f3n de representantes de 19 establecimientos educacionales de Punta<br>Arenas se desarroll\u00f3 esta semana la asamblea general de centros de padres, madres y<br>apoderados que convoc\u00f3 el Servicio Local de Educaci\u00f3n P\u00fablica. Esto representa el 70<br>por ciento de los recintos educativos que cuentan con esta organizaci\u00f3n en la capital<br>regional.<br>El encuentro permiti\u00f3 entregar una serie de informaciones a los representantes de los<br>apoderados sobre el funcionamiento del Servicio Local de Educaci\u00f3n P\u00fablica y el rol y<br>atribuciones de los centros de padres, madres y apoderados, adem\u00e1s de responder sus<br>inquietudes.<br>Se enfatiz\u00f3 que los centros&nbsp;de padres, madres y apoderados&nbsp;son agrupaciones<br>voluntarias para contribuir, en cada comunidad educativa, a trav\u00e9s de diferentes<br>actividades y proyectos.&nbsp;Son elegidos democr\u00e1ticamente para representar los intereses y<br>necesidades de las familias y formular un plan de trabajo en coherencia con el Proyecto<br>Educativo Institucional del establecimiento.<br>Entre los antecedentes informados a los padres y apoderados se cuentan un balance de<br>las inversiones m\u00e1s relevantes efectuadas por el Servicio Local de Educaci\u00f3n P\u00fablica en<br>los primeros meses del a\u00f1o; medidas que se han aplicado para dotar de m\u00e1s<br>herramientas de gesti\u00f3n a las direcciones de los establecimientos educacionales; y la<br>marcha del proceso de elecci\u00f3n del Consejo Local de Educaci\u00f3n P\u00fablica.<br>Se planifica tener asambleas con los centros de padres, madres y apoderados de<br>Porvenir el 15 de mayo; y de Puerto Natales el 23 de este mes.<\/p>\n","protected":false},"excerpt":{"rendered":"<p>Con la participaci\u00f3n de representantes de 19 establecimientos educacionales de PuntaArenas se desarroll\u00f3 esta semana la asamblea general de centros de padres, madres yapoderados que convoc\u00f3 el Servicio Local de&#8230; <a class=\"read-more\" href=\"https:\/\/www.radiopresidenteibanez.cl\/web\/centros-de-padres-y-apoderados-y-el-slep-magallanes-conversaron-sobre-nueva-educacion-publica\/\">Leer m\u00e1s<\/a><\/p>\n","protected":false},"author":2,"featured_media":48374,"comment_status":"closed","ping_status":"closed","sticky":false,"template":"","format":"standard","meta":{"footnotes":""},"categories":[1],"tags":[],"class_list":["post-48373","post","type-post","status-publish","format-standard","has-post-thumbnail","hentry","category-cronica"],"_links":{"self":[{"href":"https:\/\/www.radiopresidenteibanez.cl\/web\/wp-json\/wp\/v2\/posts\/48373","targetHints":{"allow":["GET"]}}],"collection":[{"href":"https:\/\/www.radiopresidenteibanez.cl\/web\/wp-json\/wp\/v2\/posts"}],"about":[{"href":"https:\/\/www.radiopresidenteibanez.cl\/web\/wp-json\/wp\/v2\/types\/post"}],"author":[{"embeddable":true,"href":"https:\/\/www.radiopresidenteibanez.cl\/web\/wp-json\/wp\/v2\/users\/2"}],"replies":[{"embeddable":true,"href":"https:\/\/www.radiopresidenteibanez.cl\/web\/wp-json\/wp\/v2\/comments?post=48373"}],"version-history":[{"count":0,"href":"https:\/\/www.radiopresidenteibanez.cl\/web\/wp-json\/wp\/v2\/posts\/48373\/revisions"}],"wp:featuredmedia":[{"embeddable":true,"href":"https:\/\/www.radiopresidenteibanez.cl\/web\/wp-json\/wp\/v2\/media\/48374"}],"wp:attachment":[{"href":"https:\/\/www.radiopresidenteibanez.cl\/web\/wp-json\/wp\/v2\/media?parent=48373"}],"wp:term":[{"taxonomy":"category","embeddable":true,"href":"https:\/\/www.radiopresidenteibanez.cl\/web\/wp-json\/wp\/v2\/categories?post=48373"},{"taxonomy":"post_tag","embeddable":true,"href":"https:\/\/www.radiopresidenteibanez.cl\/web\/wp-json\/wp\/v2\/tags?post=48373"}],"curies":[{"name":"wp","href":"https:\/\/api.w.org\/{rel}","templated":true}]}}