{"id":48349,"date":"2024-05-11T15:19:00","date_gmt":"2024-05-11T18:19:00","guid":{"rendered":"https:\/\/www.radiopresidenteibanez.cl\/web\/?p=48349"},"modified":"2024-05-11T14:03:40","modified_gmt":"2024-05-11T17:03:40","slug":"participo-en-feria-escolar-y-trece-anos-despues-estudia-la-vida-microscopica-en-la-antartica","status":"publish","type":"post","link":"https:\/\/www.radiopresidenteibanez.cl\/web\/participo-en-feria-escolar-y-trece-anos-despues-estudia-la-vida-microscopica-en-la-antartica\/","title":{"rendered":"Particip\u00f3 en feria escolar y trece a\u00f1os despu\u00e9s estudia la vida microsc\u00f3pica en la Ant\u00e1rtica"},"content":{"rendered":"\n<p>Fue parte de la Feria Ant\u00e1rtica Escolar el a\u00f1o 2011, instancia que organiza el Instituto Ant\u00e1rtico Chileno (INACH) y que lleva a los y las ganadoras hasta la Ant\u00e1rtica. Su profesora lo inst\u00f3 a ser parte de esta instancia cient\u00edfica-escolar, aunque a \u00e9l ya le atra\u00eda la ciencia desde muy peque\u00f1o.<\/p>\n\n\n\n<p>Diego Beecher es bi\u00f3logo marino y actualmente estudia su doctorado en Gen\u00e9tica molecular y Microbiolog\u00eda en la Pontificia Universidad Cat\u00f3lica de Chile (PUC). Cuando Diego cursaba la ense\u00f1anza media en el colegio \u201cLeonardo da Vinci\u201d en Coquimbo, particip\u00f3 junto a su profesora Norys Villarroel en la FAE de 2011. Esa instancia cient\u00edfica juvenil lo llev\u00f3 hasta Punta Arenas hace trece a\u00f1os. En esa oportunidad no pudo ganar el certamen, por lo que no concret\u00f3 su sue\u00f1o de llegar hasta Continente Blanco para ver en vivo lo que le apasionaba.<\/p>\n\n\n\n<p>La vida da muchas vueltas y Diego estudi\u00f3 Biolog\u00eda marina y hace unos meses pudo llegar finalmente hasta la Ant\u00e1rtica por primera vez como parte del equipo de la Dra. Beatriz Diez, investigadora ant\u00e1rtica de la PUC, con un proyecto que estudia el efecto de los virus de ARN y ADN sobre la din\u00e1mica de las bacterias y fitoplancton, siendo el estudio de las comunidades fitoplant\u00f3nicas la especialidad de Diego.<\/p>\n\n\n\n<p>Conversamos con Diego en los laboratorios del INACH en la base \u201cArturo Prat\u201d, en la isla Greenwich, para saber c\u00f3mo fue finalmente llegar al continente que tanto hab\u00eda so\u00f1ado.<\/p>\n\n\n\n<p><strong>\u00bfTe gustaba la ciencia cuando eras ni\u00f1o?<\/strong><\/p>\n\n\n\n<p>Diego: Cuando estaba en la b\u00e1sica participaba en investigaciones y encuentros cient\u00edficos, principalmente con tem\u00e1ticas sobre r\u00edos y contaminantes en la regi\u00f3n de Coquimbo. Luego en la ense\u00f1anza media comenc\u00e9 a estudiar los sistemas marinos, que era lo que m\u00e1s me gustaba. M\u00e1s tarde conoc\u00ed que exist\u00eda la Feria Ant\u00e1rtica Escolar (FAE) y comenzamos a trabajar con un proyecto con la profesora Norys que nos llev\u00f3 hasta Punta Arenas, pero lamentablemente no ganamos. Sin embargo, la tem\u00e1tica que estudi\u00e1bamos en ese entonces, se relaciona bastante con lo que hago ahora en mi doctorado.<\/p>\n\n\n\n<p><strong>\u00bfC\u00f3mo te sentiste al no ganar la feria y no poder viajar a la Ant\u00e1rtica?<\/strong><\/p>\n\n\n\n<p>Diego: Fue un poco frustrante en esos momentos, porque ten\u00eda muchas ganas de conocer la Ant\u00e1rtica, ya que quer\u00eda ver en primera persona lo que hab\u00eda estudiado y, sin duda, creo que eso qued\u00f3 pendiente en esos momentos. Ahora, gracias a que estoy en el doctorado, trabajo en un laboratorio de ambientes extremos y hay un foco de estudios en sistemas fr\u00edos que involucran a Patagonia.<\/p>\n\n\n\n<p><strong>\u00bfC\u00f3mo llegaste a la Ant\u00e1rtica?<\/strong><\/p>\n\n\n\n<p>Diego: Ten\u00eda ese bichito de llegar hasta el Continente Blanco desde que particip\u00e9 en la FAE. Cuando entr\u00e9 al doctorado vi que ten\u00eda un laboratorio relacionado a sistemas extremos, uno de los focos son los sistemas fr\u00edos (Patagonia y Ant\u00e1rtica). As\u00ed que por ese lado se dio la posibilidad de participar de una expedici\u00f3n al Continente Blanco. Convers\u00e9 con la profesora y me dio varias opciones para investigar y una de ellas era viajar a la Ant\u00e1rtica.<\/p>\n\n\n\n<p><strong>\u00bfQu\u00e9 le dir\u00edas a los y las estudiantes de ense\u00f1anza media sobre la Feria Ant\u00e1rtica Escolar?<\/strong><\/p>\n\n\n\n<p>Diego: Si alguno o alguna no llega a ganar una feria como la FAE, le dir\u00eda que no pierda la esperanza o el pensamiento de poder visitar un continente tan importante como la Ant\u00e1rtica. Que est\u00e9n siempre motivados y que tengan esa mente creativa al buscar cosas para investigar.<\/p>\n\n\n\n<p>Actualmente, Diego participa en varias instancias de divulgaci\u00f3n cient\u00edfica para j\u00f3venes y la comunidad en general. Un ejemplo de ello es que cuando estudiaba Bioqu\u00edmica asist\u00eda a centros comerciales y otras ferias para acercar la ciencia a la ciudadan\u00eda.<\/p>\n\n\n\n<p>Las postulaciones para la Feria Ant\u00e1rtica Escolar 2024 est\u00e1n abiertas hasta el 31 de mayo a las 23:59 h (hora de Regi\u00f3n de Magallanes y de la Ant\u00e1rtica Chilena), donde los y las participantes podr\u00e1n enviar sus propuestas de investigaci\u00f3n<a href=\"http:\/\/www.inach.cl\/fae\" target=\"_blank\" rel=\"noreferrer noopener\">&nbsp;<\/a><a href=\"http:\/\/www.inach.cl\/fae\" target=\"_blank\" rel=\"noreferrer noopener\"><strong>www.inach.cl\/fae<\/strong><\/a>.<\/p>\n\n\n\n<p>La FAE es un concurso \u00fanico en el mundo donde las y los estudiantes y docentes de ense\u00f1anza media de todo Chile tienen la oportunidad de presentar sus propuestas de investigaci\u00f3n. El premio consiste en integrar la Expedici\u00f3n Ant\u00e1rtica Escolar que se desarrollar\u00e1 en la base cient\u00edfica ant\u00e1rtica \u201cProfesor Julio Escudero\u201d del INACH el pr\u00f3ximo verano.<\/p>\n","protected":false},"excerpt":{"rendered":"<p>Fue parte de la Feria Ant\u00e1rtica Escolar el a\u00f1o 2011, instancia que organiza el Instituto Ant\u00e1rtico Chileno (INACH) y que lleva a los y las ganadoras hasta la Ant\u00e1rtica. Su&#8230; <a class=\"read-more\" href=\"https:\/\/www.radiopresidenteibanez.cl\/web\/participo-en-feria-escolar-y-trece-anos-despues-estudia-la-vida-microscopica-en-la-antartica\/\">Leer m\u00e1s<\/a><\/p>\n","protected":false},"author":2,"featured_media":48350,"comment_status":"closed","ping_status":"closed","sticky":false,"template":"","format":"standard","meta":{"footnotes":""},"categories":[1],"tags":[],"class_list":["post-48349","post","type-post","status-publish","format-standard","has-post-thumbnail","hentry","category-cronica"],"_links":{"self":[{"href":"https:\/\/www.radiopresidenteibanez.cl\/web\/wp-json\/wp\/v2\/posts\/48349","targetHints":{"allow":["GET"]}}],"collection":[{"href":"https:\/\/www.radiopresidenteibanez.cl\/web\/wp-json\/wp\/v2\/posts"}],"about":[{"href":"https:\/\/www.radiopresidenteibanez.cl\/web\/wp-json\/wp\/v2\/types\/post"}],"author":[{"embeddable":true,"href":"https:\/\/www.radiopresidenteibanez.cl\/web\/wp-json\/wp\/v2\/users\/2"}],"replies":[{"embeddable":true,"href":"https:\/\/www.radiopresidenteibanez.cl\/web\/wp-json\/wp\/v2\/comments?post=48349"}],"version-history":[{"count":0,"href":"https:\/\/www.radiopresidenteibanez.cl\/web\/wp-json\/wp\/v2\/posts\/48349\/revisions"}],"wp:featuredmedia":[{"embeddable":true,"href":"https:\/\/www.radiopresidenteibanez.cl\/web\/wp-json\/wp\/v2\/media\/48350"}],"wp:attachment":[{"href":"https:\/\/www.radiopresidenteibanez.cl\/web\/wp-json\/wp\/v2\/media?parent=48349"}],"wp:term":[{"taxonomy":"category","embeddable":true,"href":"https:\/\/www.radiopresidenteibanez.cl\/web\/wp-json\/wp\/v2\/categories?post=48349"},{"taxonomy":"post_tag","embeddable":true,"href":"https:\/\/www.radiopresidenteibanez.cl\/web\/wp-json\/wp\/v2\/tags?post=48349"}],"curies":[{"name":"wp","href":"https:\/\/api.w.org\/{rel}","templated":true}]}}