{"id":48346,"date":"2024-05-11T11:21:00","date_gmt":"2024-05-11T14:21:00","guid":{"rendered":"https:\/\/www.radiopresidenteibanez.cl\/web\/?p=48346"},"modified":"2024-05-11T13:59:32","modified_gmt":"2024-05-11T16:59:32","slug":"gobierno-entrega-2-mil-240-subsidios-de-gas-a-adultos-mayores-personas-con-discapacidad-y-cuidadoras-con-credencial","status":"publish","type":"post","link":"https:\/\/www.radiopresidenteibanez.cl\/web\/gobierno-entrega-2-mil-240-subsidios-de-gas-a-adultos-mayores-personas-con-discapacidad-y-cuidadoras-con-credencial\/","title":{"rendered":"Gobierno entrega 2 mil 240 subsidios de gas a adultos mayores, personas con discapacidad y cuidadoras con credencial"},"content":{"rendered":"\n<p>En un entorno donde el fr\u00edo puede ser implacable, el acceso al gas se convierte en una necesidad b\u00e1sica para garantizar la salud y el confort de los habitantes, especialmente de aquellos que m\u00e1s lo necesitan. Por lo tanto, el subsidio al gas no solo representa un apoyo financiero, sino tambi\u00e9n un acto de justicia social y un reconocimiento del deber del Estado de proteger y promover el bienestar de todos los ciudadanos m\u00e1s vulnerables.<\/p>\n\n\n\n<p>As\u00ed qued\u00f3 expresado hoy, en la firma de convenio de subsidio del gas liderada por el delegado presidencial regional, Jos\u00e9 Ruiz Pivcevic, y en la que participaron los alcaldes de las comunas beneficiadas: Puerto Natales, Antonieta Oyarzo; Porvenir, Jos\u00e9 Parada; y por Punta Arenas (s), Claudia Casas.&nbsp; Adem\u00e1s del gerente de Gasco Magallanes, Sergio Huepe.<\/p>\n\n\n\n<p>Este a\u00f1o, el subsidio al gas aumenta un 38,3% en comparaci\u00f3n con el a\u00f1o anterior. Se prev\u00e9 otorgar un total de 2.240 subsidios en la regi\u00f3n, en contraste con los 1.620 del a\u00f1o pasado.<\/p>\n\n\n\n<p>\u201cEl aumento del subsidio es una noticia alentadora que beneficia a muchas familias de la regi\u00f3n. Sin embargo, para asegurar que este apoyo llegue a quienes realmente lo necesitan, es crucial coordinar eficazmente con los municipios y las organizaciones comunitarias para maximizar el impacto y brindar un verdadero alivio a quienes lo requieren en Magallanes\u201d, expres\u00f3 el delegado presidencial regional.<\/p>\n\n\n\n<p>Adem\u00e1s, subray\u00f3 que \u201ces un acto de justicia social y un reconocimiento al deber del Estado de proteger y promover el bienestar de todos sus ciudadanos, especialmente de los adultos mayores, personas con discapacidad y cuidadoras\u201d.<\/p>\n\n\n\n<p>Una de las medidas destacadas en el acto realizado en la Junta de Vecinos Mauricio Braun fue la exhaustiva revisi\u00f3n de los subsidios que actualmente se entregan. \u201cSe realiz\u00f3 un proceso de reacreditaci\u00f3n de beneficiarios, con la finalidad de garantizar que el apoyo llegue a quienes realmente lo necesitan. Como resultado, aquellos que ya no cumpl\u00edan con los criterios de asignaci\u00f3n vieron extinguido su beneficio. Este enfoque permite asegurar la eficiencia y equidad en la distribuci\u00f3n de los recursos, liberando nuevos cupos disponibles para el proceso de postulaciones de este a\u00f1o\u201d, asegur\u00f3 Virginia Guenul, encargada del Dpto. Social de la Delegaci\u00f3n Presidencial Regional.<\/p>\n\n\n\n<p>Para postular, las personas que cuenten con los requisitos, deber\u00e1n acercarse a las municipalidades de las comunas en las cuales opera este beneficio: Porvenir, Natales y Punta Arenas. Es all\u00ed, donde se revisar\u00e1n los antecedentes, que luego ser\u00e1n derivados a la delegaci\u00f3n presidencial regional, donde se resolver\u00e1 a la asignaci\u00f3n del subsidio.<\/p>\n\n\n\n<p>&nbsp;El procedimiento tambi\u00e9n contempla una instancia de revisi\u00f3n de casos especiales, a trav\u00e9s de un Comit\u00e9 T\u00e9cnico Regional compuesto por representantes de los municipios, la Delegaci\u00f3n y Subsecretar\u00eda del Interior. Adem\u00e1s, cada Municipalidad realizar\u00e1 un proceso de difusi\u00f3n interna, con las dem\u00e1s unidades y programas que atienden personas y familias en situaci\u00f3n de vulnerabilidad, como un mecanismo para avanzar en la detecci\u00f3n de los casos con mayor necesidad de acceder a este beneficio.<\/p>\n\n\n\n<p>Otra caracter\u00edstica nueva del proceso 2024 es que se incluye dentro de la poblaci\u00f3n objetivo del beneficio a las personas que cuenten con la credencial de cuidadoras, en quienes actualmente recaen las labores de cuidado principal de personas con dependencia severa. Esta definici\u00f3n busca incorporar esta oferta program\u00e1tica en apoyo a las acciones que implementa el Sistema Nacional Integral de Cuidados, pol\u00edtica p\u00fablica que propende a crear una red intersectorial que articula servicios y prestaciones provistas por el Estado, las comunidades y los privados, y que est\u00e1 dirigida a mejorar la calidad de vida de las personas que cuidan y de las personas que requieren cuidados.<\/p>\n","protected":false},"excerpt":{"rendered":"<p>En un entorno donde el fr\u00edo puede ser implacable, el acceso al gas se convierte en una necesidad b\u00e1sica para garantizar la salud y el confort de los habitantes, especialmente&#8230; <a class=\"read-more\" href=\"https:\/\/www.radiopresidenteibanez.cl\/web\/gobierno-entrega-2-mil-240-subsidios-de-gas-a-adultos-mayores-personas-con-discapacidad-y-cuidadoras-con-credencial\/\">Leer m\u00e1s<\/a><\/p>\n","protected":false},"author":2,"featured_media":48347,"comment_status":"closed","ping_status":"closed","sticky":false,"template":"","format":"standard","meta":{"footnotes":""},"categories":[1],"tags":[],"class_list":["post-48346","post","type-post","status-publish","format-standard","has-post-thumbnail","hentry","category-cronica"],"_links":{"self":[{"href":"https:\/\/www.radiopresidenteibanez.cl\/web\/wp-json\/wp\/v2\/posts\/48346","targetHints":{"allow":["GET"]}}],"collection":[{"href":"https:\/\/www.radiopresidenteibanez.cl\/web\/wp-json\/wp\/v2\/posts"}],"about":[{"href":"https:\/\/www.radiopresidenteibanez.cl\/web\/wp-json\/wp\/v2\/types\/post"}],"author":[{"embeddable":true,"href":"https:\/\/www.radiopresidenteibanez.cl\/web\/wp-json\/wp\/v2\/users\/2"}],"replies":[{"embeddable":true,"href":"https:\/\/www.radiopresidenteibanez.cl\/web\/wp-json\/wp\/v2\/comments?post=48346"}],"version-history":[{"count":0,"href":"https:\/\/www.radiopresidenteibanez.cl\/web\/wp-json\/wp\/v2\/posts\/48346\/revisions"}],"wp:featuredmedia":[{"embeddable":true,"href":"https:\/\/www.radiopresidenteibanez.cl\/web\/wp-json\/wp\/v2\/media\/48347"}],"wp:attachment":[{"href":"https:\/\/www.radiopresidenteibanez.cl\/web\/wp-json\/wp\/v2\/media?parent=48346"}],"wp:term":[{"taxonomy":"category","embeddable":true,"href":"https:\/\/www.radiopresidenteibanez.cl\/web\/wp-json\/wp\/v2\/categories?post=48346"},{"taxonomy":"post_tag","embeddable":true,"href":"https:\/\/www.radiopresidenteibanez.cl\/web\/wp-json\/wp\/v2\/tags?post=48346"}],"curies":[{"name":"wp","href":"https:\/\/api.w.org\/{rel}","templated":true}]}}