{"id":48301,"date":"2024-05-09T15:05:00","date_gmt":"2024-05-09T18:05:00","guid":{"rendered":"https:\/\/www.radiopresidenteibanez.cl\/web\/?p=48301"},"modified":"2024-05-09T11:13:47","modified_gmt":"2024-05-09T14:13:47","slug":"segegob-extiende-la-postulacion-al-fondo-de-fortalecimiento-de-organizaciones-de-interes-publico-ffoip","status":"publish","type":"post","link":"https:\/\/www.radiopresidenteibanez.cl\/web\/segegob-extiende-la-postulacion-al-fondo-de-fortalecimiento-de-organizaciones-de-interes-publico-ffoip\/","title":{"rendered":"SEGEGOB EXTIENDE LA POSTULACION AL FONDO DE FORTALECIMIENTO DE ORGANIZACIONES DE INTERES PUBLICO FFOIP"},"content":{"rendered":"\n<p>Hasta el lunes 13 de mayo fueron extendidas las postulaciones al Fondo de Fortalecimiento de<br>Organizaciones de Inter\u00e9s P\u00fablico (FFOIP), que entrega el Ministerio Secretar\u00eda General de<br>Gobierno.<br>El objetivo de la extensi\u00f3n del plazo de postulaci\u00f3n es permitir una amplia participaci\u00f3n en este<br>fondo concursable, dirigido a organizaciones sociales como juntas de vecinos, clubes deportivos,<br>centros de adultos mayores, grupos de mujeres y conjuntos folcl\u00f3ricos, entre otras.<br>El seremi de Gobierno, Andro Mimica, sostuvo: \u201cEstamos convencidos que las organizaciones<br>sociales cumplen un rol muy importante en la construcci\u00f3n de un Estado democr\u00e1tico, es por ello<br>que a trav\u00e9s de la Divisi\u00f3n de Organizaciones Sociales estamos en un constante trabajo de<br>fortalecimiento, mediante diferentes encuentros y herramientas de acci\u00f3n que contribuyan con su<br>desarrollo\u201d.<br>El vocero agreg\u00f3 que \u201csabemos que este es un periodo de apertura de varios fondos, por ello,<br>quisimos extender el plazo de postulaci\u00f3n de los Ffoip, y ampliar las posibilidades de optar a m\u00e1s<br>recursos por parte de las agrupaciones\u201d.<br>Las organizaciones postulantes podr\u00e1n acceder a un m\u00e1ximo de $2 millones cuando se trate de<br>proyectos locales (una comuna), $4 millones para aquellos de car\u00e1cter regional (dos o m\u00e1s<br>comunas de una misma regi\u00f3n) y un l\u00edmite de $10 millones para iniciativas de alcance nacional<br>(m\u00e1s de una regi\u00f3n).<br>Una novedad de este concurso es que, por primera vez, el Ffoip contempla una l\u00ednea tem\u00e1tica para<br>el fortalecimiento de la participaci\u00f3n ciudadana de ni\u00f1os, ni\u00f1as y adolescentes. Esta l\u00ednea, fruto de<br>una alianza con la Subsecretar\u00eda de la Ni\u00f1ez, est\u00e1 dirigida a organizaciones que desarrollen<br>proyectos a nivel local para promover la participaci\u00f3n social y comunitaria de personas menores<br>de 18 a\u00f1os.<br>Las bases y postulaciones al Ffoip est\u00e1n disponibles en el sitio web<br>www.fondodefortalecimiento.gob.cl. Para resolver dudas, las y los postulantes pueden dirigirse a<br>la Seremi de Gobierno, ubicada en calle Bories 901, piso 9, o escribirnos al Whatsapp +56 9<br>88432463.<\/p>\n","protected":false},"excerpt":{"rendered":"<p>Hasta el lunes 13 de mayo fueron extendidas las postulaciones al Fondo de Fortalecimiento deOrganizaciones de Inter\u00e9s P\u00fablico (FFOIP), que entrega el Ministerio Secretar\u00eda General deGobierno.El objetivo de la extensi\u00f3n&#8230; <a class=\"read-more\" href=\"https:\/\/www.radiopresidenteibanez.cl\/web\/segegob-extiende-la-postulacion-al-fondo-de-fortalecimiento-de-organizaciones-de-interes-publico-ffoip\/\">Leer m\u00e1s<\/a><\/p>\n","protected":false},"author":2,"featured_media":48302,"comment_status":"closed","ping_status":"closed","sticky":false,"template":"","format":"standard","meta":{"footnotes":""},"categories":[1],"tags":[],"class_list":["post-48301","post","type-post","status-publish","format-standard","has-post-thumbnail","hentry","category-cronica"],"_links":{"self":[{"href":"https:\/\/www.radiopresidenteibanez.cl\/web\/wp-json\/wp\/v2\/posts\/48301","targetHints":{"allow":["GET"]}}],"collection":[{"href":"https:\/\/www.radiopresidenteibanez.cl\/web\/wp-json\/wp\/v2\/posts"}],"about":[{"href":"https:\/\/www.radiopresidenteibanez.cl\/web\/wp-json\/wp\/v2\/types\/post"}],"author":[{"embeddable":true,"href":"https:\/\/www.radiopresidenteibanez.cl\/web\/wp-json\/wp\/v2\/users\/2"}],"replies":[{"embeddable":true,"href":"https:\/\/www.radiopresidenteibanez.cl\/web\/wp-json\/wp\/v2\/comments?post=48301"}],"version-history":[{"count":0,"href":"https:\/\/www.radiopresidenteibanez.cl\/web\/wp-json\/wp\/v2\/posts\/48301\/revisions"}],"wp:featuredmedia":[{"embeddable":true,"href":"https:\/\/www.radiopresidenteibanez.cl\/web\/wp-json\/wp\/v2\/media\/48302"}],"wp:attachment":[{"href":"https:\/\/www.radiopresidenteibanez.cl\/web\/wp-json\/wp\/v2\/media?parent=48301"}],"wp:term":[{"taxonomy":"category","embeddable":true,"href":"https:\/\/www.radiopresidenteibanez.cl\/web\/wp-json\/wp\/v2\/categories?post=48301"},{"taxonomy":"post_tag","embeddable":true,"href":"https:\/\/www.radiopresidenteibanez.cl\/web\/wp-json\/wp\/v2\/tags?post=48301"}],"curies":[{"name":"wp","href":"https:\/\/api.w.org\/{rel}","templated":true}]}}