{"id":48252,"date":"2024-05-08T09:29:00","date_gmt":"2024-05-08T12:29:00","guid":{"rendered":"https:\/\/www.radiopresidenteibanez.cl\/web\/?p=48252"},"modified":"2024-05-08T08:29:12","modified_gmt":"2024-05-08T11:29:12","slug":"direccion-del-trabajo-presento-en-magallanes-plataforma-dt-mipyme","status":"publish","type":"post","link":"https:\/\/www.radiopresidenteibanez.cl\/web\/direccion-del-trabajo-presento-en-magallanes-plataforma-dt-mipyme\/","title":{"rendered":"DIRECCION DEL TRABAJO PRESENTO EN MAGALLANES PLATAFORMA \u201cDT Mipyme\u201d"},"content":{"rendered":"\n<p>En la regi\u00f3n de Magallanes fue lanzada la novedosa plataforma llamada \u201cDT Mipyme\u201d, un sitio creado por la Direcci\u00f3n del Trabajo especialmente para las micro y peque\u00f1as empresas de la regi\u00f3n y el pa\u00eds.<br>El lanzamiento de este nuevo espacio web fue realizado por profesionales de la Direcci\u00f3n del<br>Trabajo que llegaron hasta Punta Arenas para difundir e informar sobre este sitio a representantes de peque\u00f1as empresas locales, emprendedoras y emprendedores de la zona.<br>As\u00ed lo expres\u00f3 la SEREMI del Trabajo y Previsi\u00f3n Social, Doris Sandoval Miranda, quien fue parte de este hito. \u201cHemos acompa\u00f1ado a la Direcci\u00f3n del Trabajo en el lanzamiento de esta plataforma virtual que busca, muy concretamente, acompa\u00f1ar y facilitar la gesti\u00f3n de la micro, peque\u00f1a y mediana empresa de la regi\u00f3n con informaci\u00f3n, procedimientos y cursos de capacitaci\u00f3n. Reci\u00e9n est\u00e1bamos revisando un curso muy importante para nosotros como gobierno que tiene que ver con trabajo decente y otras. Seguramente vamos a ir incorporando m\u00e1s elementos a prop\u00f3sito de todos los cambios normativos que est\u00e1 viviendo el pa\u00eds en este a\u00f1o\u201d.<br>\u201cEn concreto, todas las medidas que estamos tomando para mejorar las condiciones laborales de las y los trabajadores, lo hacemos con apoyo a la protecci\u00f3n del empleo, acompa\u00f1ando a quienes generan el empleo de la regi\u00f3n. Por tanto, ponemos esta plataforma a disposici\u00f3n de los emprendedores, de los micro y peque\u00f1os empresarios y empresarias de la regi\u00f3n, esperando que encuentren en este la informaci\u00f3n necesaria para avanzar y crecer en el desarrollo de sus<br>empresas\u201d, a\u00f1adi\u00f3 la autoridad.<br>Por su parte, B\u00e1rbara Norambuena, profesional de la Unidad de apoyo a la micro, peque\u00f1a y<br>mediana empresa de la Direcci\u00f3n nacional del Trabajo, expres\u00f3 que \u201cesta plataforma responde a<br>la necesidad de atenci\u00f3n especializada y pretende apoyar y entregar conocimiento de una forma<br>preventiva para no caer en sanciones. Contiene dos cursos, uno que es voluntario y el otro que es un recurso de sustituci\u00f3n de multas. Con este hito, logramos llegar a todo el pa\u00eds y eso para<br>nosotros es fundamental, como parte de la DT, siempre con el fin \u00faltimo de cuidar los derechos<br>laborales de todos los trabajadores y trabajadoras\u201d.<br>La invitaci\u00f3n hecha por la DT a las due\u00f1as y due\u00f1os de micro, peque\u00f1as y medianas empresas de<br>Magallanes es a ingresar al sitio web del servicio www.dt.gob.cl, acceder al banner \u201cDT Mipyme\u201d<br>disponible y realizar la respectiva inscripci\u00f3n a la plataforma.<\/p>\n\n\n\n<p>\u201cPosterior a esto, la indicaci\u00f3n es que nos escriban a trav\u00e9s del correo mipyme@dt.gob.cl<br>envi\u00e1ndonos su inscripci\u00f3n, a la cual nosotros responderemos a la brevedad, con lo cual, a trav\u00e9s<br>de su respectiva clave \u00fanica podr\u00e1n ingresar a todos los servicios y apoyos que presta la<br>plataforma\u201d, agreg\u00f3 Norambuena.<br>Durante el lanzamiento de la plataforma, las y los asistentes pudieron participar de una inducci\u00f3n y una entretenida trivia que dio cuenta del conocimiento de cada uno sobre materias laborales, invit\u00e1ndoles por medio de esta din\u00e1mica a conocer la nueva plataforma y acceder a ella.<\/p>\n","protected":false},"excerpt":{"rendered":"<p>En la regi\u00f3n de Magallanes fue lanzada la novedosa plataforma llamada \u201cDT Mipyme\u201d, un sitio creado por la Direcci\u00f3n del Trabajo especialmente para las micro y peque\u00f1as empresas de la&#8230; <a class=\"read-more\" href=\"https:\/\/www.radiopresidenteibanez.cl\/web\/direccion-del-trabajo-presento-en-magallanes-plataforma-dt-mipyme\/\">Leer m\u00e1s<\/a><\/p>\n","protected":false},"author":2,"featured_media":48253,"comment_status":"closed","ping_status":"closed","sticky":false,"template":"","format":"standard","meta":{"footnotes":""},"categories":[1],"tags":[],"class_list":["post-48252","post","type-post","status-publish","format-standard","has-post-thumbnail","hentry","category-cronica"],"_links":{"self":[{"href":"https:\/\/www.radiopresidenteibanez.cl\/web\/wp-json\/wp\/v2\/posts\/48252","targetHints":{"allow":["GET"]}}],"collection":[{"href":"https:\/\/www.radiopresidenteibanez.cl\/web\/wp-json\/wp\/v2\/posts"}],"about":[{"href":"https:\/\/www.radiopresidenteibanez.cl\/web\/wp-json\/wp\/v2\/types\/post"}],"author":[{"embeddable":true,"href":"https:\/\/www.radiopresidenteibanez.cl\/web\/wp-json\/wp\/v2\/users\/2"}],"replies":[{"embeddable":true,"href":"https:\/\/www.radiopresidenteibanez.cl\/web\/wp-json\/wp\/v2\/comments?post=48252"}],"version-history":[{"count":0,"href":"https:\/\/www.radiopresidenteibanez.cl\/web\/wp-json\/wp\/v2\/posts\/48252\/revisions"}],"wp:featuredmedia":[{"embeddable":true,"href":"https:\/\/www.radiopresidenteibanez.cl\/web\/wp-json\/wp\/v2\/media\/48253"}],"wp:attachment":[{"href":"https:\/\/www.radiopresidenteibanez.cl\/web\/wp-json\/wp\/v2\/media?parent=48252"}],"wp:term":[{"taxonomy":"category","embeddable":true,"href":"https:\/\/www.radiopresidenteibanez.cl\/web\/wp-json\/wp\/v2\/categories?post=48252"},{"taxonomy":"post_tag","embeddable":true,"href":"https:\/\/www.radiopresidenteibanez.cl\/web\/wp-json\/wp\/v2\/tags?post=48252"}],"curies":[{"name":"wp","href":"https:\/\/api.w.org\/{rel}","templated":true}]}}