{"id":48234,"date":"2024-05-07T11:40:00","date_gmt":"2024-05-07T14:40:00","guid":{"rendered":"https:\/\/www.radiopresidenteibanez.cl\/web\/?p=48234"},"modified":"2024-05-07T09:49:33","modified_gmt":"2024-05-07T12:49:33","slug":"mapa-nutricional-de-junaeb-obesidad-disminuyo-3-puntos-porcentuales-en-estudiantes-de-magallanes","status":"publish","type":"post","link":"https:\/\/www.radiopresidenteibanez.cl\/web\/mapa-nutricional-de-junaeb-obesidad-disminuyo-3-puntos-porcentuales-en-estudiantes-de-magallanes\/","title":{"rendered":"MAPA NUTRICIONAL DE JUNAEB: OBESIDAD DISMINUYO 3 PUNTOS PORCENTUALES EN ESTUDIANTES DE MAGALLANES"},"content":{"rendered":"\n<p>El Ministerio de Educaci\u00f3n y la Junta Nacional de Auxilio Escolar y Becas (Junaeb), dieron a conocer recientemente los resultados del Mapa Nutricional 2023, instrumento que entrega informaci\u00f3n sobre el estado nutricional de las y los estudiantes del pa\u00eds. Los datos se recopilaron en alumnos de prek\u00ednder, k\u00ednder, 1\u00b0 b\u00e1sico, 5\u00b0 b\u00e1sico y I medio, y contaron con la participaci\u00f3n del 76,9% de los establecimientos a nivel nacional, obteniendo un total de 524.274 mediciones v\u00e1lidas.<\/p>\n\n\n\n<p>En la Regi\u00f3n de Magallanes y de la Ant\u00e1rtica Chilena, las cifras son alentadoras ya que la obesidad y la obesidad severa disminuyeron un 3% en relaci\u00f3n al a\u00f1o anterior, y los porcentajes de desnutrici\u00f3n y de riesgo de desnutrici\u00f3n, contin\u00faan a la baja desde el a\u00f1o 2020.<\/p>\n\n\n\n<p>Al respecto, el seremi de Educaci\u00f3n, Valent\u00edn Aguilera G\u00f3mez, indic\u00f3 que \u201cel Mapa Nutricional de Junaeb es una importante herramienta de la pol\u00edtica p\u00fablica que hoy nos permite estar en conocimiento del estado nutricional de las y los estudiantes de nuestra regi\u00f3n. Las cifras entregadas recientemente sobre el 2023 nos entregan una buena noticia con respecto a los \u00edndices de obesidad y obesidad severa que en Magallanes disminuy\u00f3 tres puntos porcentuales con respecto al a\u00f1o anterior, lo que va en directa relaci\u00f3n con los desaf\u00edos de nuestro Plan de Reactivaci\u00f3n Educativa\u201d.<\/p>\n\n\n\n<p>La directora nacional de Junaeb, Camila Rubio,&nbsp;sostuvo que \u201clos resultados del estudio 2023 presentan desaf\u00edos que abordamos de distintas maneras. En el caso del Programa de Alimentaci\u00f3n Escolar (PAE) trabajamos siempre para ofrecer alimentos saludables, variados, libres de sellos de advertencia, que permitan el bienestar y \u00e9xito acad\u00e9mico de los estudiantes\u201d.<\/p>\n\n\n\n<p>Y agreg\u00f3 que desde la instituci\u00f3n \u201creconocemos la relevancia de los espacios educativos en la formaci\u00f3n de h\u00e1bitos saludables, ampliamos la inversi\u00f3n del fondo \u2018Comunidad Activa\u2019 a casi mil millones de pesos, y a trav\u00e9s de dos l\u00edneas de acci\u00f3n, Escuelas Abiertas y Escuelas Saludables, se proporcionan actividades semanales destinadas a promover h\u00e1bitos de vida activa y saludable entre los estudiantes\u201d.<\/p>\n\n\n\n<p>Por \u00faltimo, explic\u00f3 que \u201cimplementamos un piloto sobre alimentaci\u00f3n saludable y actividad f\u00edsica, que considera controles de salud, y trabajamos en una estrategia conjunta contra la malnutrici\u00f3n por exceso junto a distintas instituciones del Estado\u201d.<\/p>\n\n\n\n<p><strong>Resultados Nacionales<\/strong><\/p>\n\n\n\n<p>Este a\u00f1o, Junaeb adopt\u00f3 nuevos est\u00e1ndares para evaluar la nutrici\u00f3n en menores de 5 a\u00f1os, aline\u00e1ndose con el enfoque del Ministerio de Salud. Esta decisi\u00f3n beneficia a unos 50 mil ni\u00f1os al facilitar la adopci\u00f3n de est\u00e1ndares internacionales recomendados por la OMS, promoviendo as\u00ed una mejor vigilancia nutricional en el pa\u00eds.<\/p>\n\n\n\n<p>Los resultados del mapa nutricional se dividen en grandes \u00e1reas:<\/p>\n\n\n\n<p>\u00b7&nbsp;&nbsp;&nbsp;&nbsp;&nbsp;&nbsp;&nbsp;&nbsp;&nbsp;Al examinar los resultados por nivel educativo, se observa una disminuci\u00f3n significativa en la malnutrici\u00f3n por exceso en todos los cursos, destac\u00e1ndose una mayor reducci\u00f3n en los estudiantes de 1\u00b0 b\u00e1sico y 5\u00b0 b\u00e1sico, con un descenso del 4,3%, respecto al a\u00f1o anterior.<\/p>\n\n\n\n<p>\u00b7&nbsp;&nbsp;&nbsp;&nbsp;&nbsp;&nbsp;&nbsp;&nbsp;&nbsp;Sin embargo, al hacer el zoom en las y los estudiantes de quinto b\u00e1sico, las cifras se mantienen similares a 2023, donde tres de cada cinco estudiantes presentan sobrepeso, obesidad u obesidad severa.<\/p>\n\n\n\n<p>\u00b7&nbsp;&nbsp;&nbsp;&nbsp;&nbsp;&nbsp;&nbsp;&nbsp;&nbsp;El estudio, que tambi\u00e9n entrega datos por sexo, revel\u00f3 que los estudiantes de sexo masculino, de establecimientos de \u00e1reas rurales, de nacionalidad chilena, pertenecientes a pueblos originarios y de mayor vulnerabilidad socioecon\u00f3mica presentan una mayor prevalencia de malnutrici\u00f3n por exceso.&nbsp;<\/p>\n\n\n\n<p>\u00b7&nbsp;&nbsp;&nbsp;&nbsp;&nbsp;&nbsp;&nbsp;&nbsp;&nbsp;Si bien los estudiantes extranjeros tienen un mayor porcentaje de estado nutricional normal (54,8%), registran un aumento de la malnutrici\u00f3n por d\u00e9ficit de 10% a 10,7%.<\/p>\n","protected":false},"excerpt":{"rendered":"<p>El Ministerio de Educaci\u00f3n y la Junta Nacional de Auxilio Escolar y Becas (Junaeb), dieron a conocer recientemente los resultados del Mapa Nutricional 2023, instrumento que entrega informaci\u00f3n sobre el&#8230; <a class=\"read-more\" href=\"https:\/\/www.radiopresidenteibanez.cl\/web\/mapa-nutricional-de-junaeb-obesidad-disminuyo-3-puntos-porcentuales-en-estudiantes-de-magallanes\/\">Leer m\u00e1s<\/a><\/p>\n","protected":false},"author":2,"featured_media":48235,"comment_status":"closed","ping_status":"closed","sticky":false,"template":"","format":"standard","meta":{"footnotes":""},"categories":[1],"tags":[],"class_list":["post-48234","post","type-post","status-publish","format-standard","has-post-thumbnail","hentry","category-cronica"],"_links":{"self":[{"href":"https:\/\/www.radiopresidenteibanez.cl\/web\/wp-json\/wp\/v2\/posts\/48234","targetHints":{"allow":["GET"]}}],"collection":[{"href":"https:\/\/www.radiopresidenteibanez.cl\/web\/wp-json\/wp\/v2\/posts"}],"about":[{"href":"https:\/\/www.radiopresidenteibanez.cl\/web\/wp-json\/wp\/v2\/types\/post"}],"author":[{"embeddable":true,"href":"https:\/\/www.radiopresidenteibanez.cl\/web\/wp-json\/wp\/v2\/users\/2"}],"replies":[{"embeddable":true,"href":"https:\/\/www.radiopresidenteibanez.cl\/web\/wp-json\/wp\/v2\/comments?post=48234"}],"version-history":[{"count":0,"href":"https:\/\/www.radiopresidenteibanez.cl\/web\/wp-json\/wp\/v2\/posts\/48234\/revisions"}],"wp:featuredmedia":[{"embeddable":true,"href":"https:\/\/www.radiopresidenteibanez.cl\/web\/wp-json\/wp\/v2\/media\/48235"}],"wp:attachment":[{"href":"https:\/\/www.radiopresidenteibanez.cl\/web\/wp-json\/wp\/v2\/media?parent=48234"}],"wp:term":[{"taxonomy":"category","embeddable":true,"href":"https:\/\/www.radiopresidenteibanez.cl\/web\/wp-json\/wp\/v2\/categories?post=48234"},{"taxonomy":"post_tag","embeddable":true,"href":"https:\/\/www.radiopresidenteibanez.cl\/web\/wp-json\/wp\/v2\/tags?post=48234"}],"curies":[{"name":"wp","href":"https:\/\/api.w.org\/{rel}","templated":true}]}}