{"id":48222,"date":"2024-05-06T17:55:00","date_gmt":"2024-05-06T20:55:00","guid":{"rendered":"https:\/\/www.radiopresidenteibanez.cl\/web\/?p=48222"},"modified":"2024-05-06T15:40:57","modified_gmt":"2024-05-06T18:40:57","slug":"en-emotiva-ceremonia-se-reivindica-la-memoria-de-las-magallanicas-susana-obando-conue-y-gloria-lagos-nilson","status":"publish","type":"post","link":"https:\/\/www.radiopresidenteibanez.cl\/web\/en-emotiva-ceremonia-se-reivindica-la-memoria-de-las-magallanicas-susana-obando-conue-y-gloria-lagos-nilson\/","title":{"rendered":"EN EMOTIVA CEREMONIA SE REIVINDICA LA MEMORIA DE LAS MAGALLANICAS SUSANA OBANDO CO\u00d1UE y GLORIA LAGOS NILSON"},"content":{"rendered":"\n<p>En el lugar donde el Estrecho devolvi\u00f3 el cuerpo de Susana Obando Co\u00f1u\u00e9, y con una emotiva ceremonia que cont\u00f3 con la participaci\u00f3n de familiares, amistades y autoridades, el pasado domingo 28 de abril se efectu\u00f3 la develaci\u00f3n de placas conmemorativas en el marco de los 50 a\u00f1os del Golpe Civil Militar, en memoria de esta magall\u00e1nica ejecutada pol\u00edtica, y de Gloria Lagos Nilsson, porvenire\u00f1a v\u00edctima de desaparici\u00f3n forzosa.<\/p>\n\n\n\n<p>La iniciativa estuvo a cargo de la Colectiva Taller Cueca Sola Punta Arenas, organizaci\u00f3n que seg\u00fan detalla, reactualiza el ic\u00f3nico baile de denuncia creado por el Coro de la Agrupaci\u00f3n de Familiares de Detenidos Desaparecidos, entendiendo este ejercicio como un acto de memoria, resistencia al olvido y permanente homenaje a la lucha por verdad y justicia de las y los familiares de v\u00edctimas de violaciones a los Derechos Humanos durante la dictadura c\u00edvico militar.<\/p>\n\n\n\n<p>Apoyada por la SEREMI de la Mujer y la Equidad de G\u00e9nero, y la SEREMI de las Culturas las Artes y el Patrimonio -a trav\u00e9s del Servicio del Patrimonio Cultural-, la organizaci\u00f3n comienza el 2023 las gestiones para estas se\u00f1al\u00e9ticas ante el Consejo de Monumentos Nacionales, el cual tras considerar que las personas homenajeadas, v\u00edctimas de la dictadura civil-militar, tienen conexi\u00f3n con la ciudad de Punta Arenas y que los lugares propuestos para la instalaci\u00f3n de las placas, son parte de rutas de memoria y de conmemoraciones realizadas por organizaciones de derechos humanos, autoriza los monumentos p\u00fablicos, siendo la Municipalidad de Punta Arenas, presentes en la ceremonia a trav\u00e9s de su alcaldesa protocolar Ver\u00f3nica Aguilar Mart\u00ednez, quienes est\u00e1n a cargo de su instalaci\u00f3n y conservaci\u00f3n.<\/p>\n\n\n\n<p>\u201cLa se\u00f1alizaci\u00f3n f\u00edsica de Sitios de Memoria enmarca y releva patrimonial y pedag\u00f3gicamente los relatos y testimonios que dan cuenta de las violaciones a los derechos fundamentales y humanos que cometi\u00f3 el Estado desde el 11 de septiembre de 1973 a marzo de 1990\u201d, explica Patricia Ojeda Mayorga, integrante de la Colectiva-Taller. \u201cEste es un acto de amor, de memoria para las mujeres v\u00edctimas de la dictadura c\u00edvico militar en Magallanes, Susana Obando Co\u00f1u\u00e9 y Gloria Lagos Nilssen. Las mujeres van a estar presentes en la memoria en Magallanes, van a tener una se\u00f1alizaci\u00f3n y va a poder ser un lugar de recuerdo y de acci\u00f3n para que nunca m\u00e1s en Chile ocurran estos hechos. Para que se fomente la paz, se fomente la lucha de las mujeres y tambi\u00e9n se haga recuerdo constante por garant\u00edas de no repetici\u00f3n\u201d, a\u00f1adi\u00f3.<\/p>\n\n\n\n<p>La seremi de la Mujer y la Equidad de G\u00e9nero Alejandra Ruiz Ovando, se sum\u00f3 a la reivindicaci\u00f3n de memoria de estas magall\u00e1nicas <em>\u201c<\/em>forjadoras de proyectos de dignidad, libertad, verdad y justicia<em>\u201d <\/em>por su aporte a la recuperaci\u00f3n de la democracia a trav\u00e9s de su participaci\u00f3n pol\u00edtica y social.\u201cCuando dijimos como Gobierno liderado por el Presidente Gabriel Boric Font \u2018<em>Democracia es Memoria y Futuro<\/em>\u2019 es porque no podemos olvidar. Tenemos que ense\u00f1ar, porque m\u00e1s del 70% de nuestra poblaci\u00f3n no hab\u00eda nacido para el golpe de estado, por lo tanto, es un deber involucrar a las nuevas generaciones para perseverar en esta memoria y proyectar un futuro comprometido con la democracia y los derechos humanos\u201d, recalc\u00f3, destacando adem\u00e1s el aporte que realizaron con su comprometida participaci\u00f3n social y pol\u00edtica.<\/p>\n\n\n\n<p>En tanto, el director regional del Servicio del Patrimonio Cultural, Pablo Quercia Martinic, junto con destacar la persistencia de la Colectiva Cueca Sola, expres\u00f3 que esta iniciativa permite visibilizar historias que son dolorosas pero que \u201cforman parte de la construcci\u00f3n de nuestra identidad\u201d, y tienen como fin abordar un futuro en b\u00fasqueda de la no repetici\u00f3n. \u201cQuisiera agradecer, adem\u00e1s, al equipo del servicio que participaron en las distintas etapas de fabricaci\u00f3n de estas placas, aportando desde sus respectivas \u00e1reas para contribuir a este espacio de memoria\u201d.<\/p>\n","protected":false},"excerpt":{"rendered":"<p>En el lugar donde el Estrecho devolvi\u00f3 el cuerpo de Susana Obando Co\u00f1u\u00e9, y con una emotiva ceremonia que cont\u00f3 con la participaci\u00f3n de familiares, amistades y autoridades, el pasado&#8230; <a class=\"read-more\" href=\"https:\/\/www.radiopresidenteibanez.cl\/web\/en-emotiva-ceremonia-se-reivindica-la-memoria-de-las-magallanicas-susana-obando-conue-y-gloria-lagos-nilson\/\">Leer m\u00e1s<\/a><\/p>\n","protected":false},"author":2,"featured_media":48223,"comment_status":"closed","ping_status":"closed","sticky":false,"template":"","format":"standard","meta":{"footnotes":""},"categories":[1],"tags":[],"class_list":["post-48222","post","type-post","status-publish","format-standard","has-post-thumbnail","hentry","category-cronica"],"_links":{"self":[{"href":"https:\/\/www.radiopresidenteibanez.cl\/web\/wp-json\/wp\/v2\/posts\/48222","targetHints":{"allow":["GET"]}}],"collection":[{"href":"https:\/\/www.radiopresidenteibanez.cl\/web\/wp-json\/wp\/v2\/posts"}],"about":[{"href":"https:\/\/www.radiopresidenteibanez.cl\/web\/wp-json\/wp\/v2\/types\/post"}],"author":[{"embeddable":true,"href":"https:\/\/www.radiopresidenteibanez.cl\/web\/wp-json\/wp\/v2\/users\/2"}],"replies":[{"embeddable":true,"href":"https:\/\/www.radiopresidenteibanez.cl\/web\/wp-json\/wp\/v2\/comments?post=48222"}],"version-history":[{"count":0,"href":"https:\/\/www.radiopresidenteibanez.cl\/web\/wp-json\/wp\/v2\/posts\/48222\/revisions"}],"wp:featuredmedia":[{"embeddable":true,"href":"https:\/\/www.radiopresidenteibanez.cl\/web\/wp-json\/wp\/v2\/media\/48223"}],"wp:attachment":[{"href":"https:\/\/www.radiopresidenteibanez.cl\/web\/wp-json\/wp\/v2\/media?parent=48222"}],"wp:term":[{"taxonomy":"category","embeddable":true,"href":"https:\/\/www.radiopresidenteibanez.cl\/web\/wp-json\/wp\/v2\/categories?post=48222"},{"taxonomy":"post_tag","embeddable":true,"href":"https:\/\/www.radiopresidenteibanez.cl\/web\/wp-json\/wp\/v2\/tags?post=48222"}],"curies":[{"name":"wp","href":"https:\/\/api.w.org\/{rel}","templated":true}]}}