{"id":48210,"date":"2024-05-06T12:34:00","date_gmt":"2024-05-06T15:34:00","guid":{"rendered":"https:\/\/www.radiopresidenteibanez.cl\/web\/?p=48210"},"modified":"2024-05-06T11:19:23","modified_gmt":"2024-05-06T14:19:23","slug":"con-destacada-experta-nacional-inia-e-indap-realizan-taller-para-capacitar-sobre-consevacion-de-semillas-en-magallanes","status":"publish","type":"post","link":"https:\/\/www.radiopresidenteibanez.cl\/web\/con-destacada-experta-nacional-inia-e-indap-realizan-taller-para-capacitar-sobre-consevacion-de-semillas-en-magallanes\/","title":{"rendered":"CON DESTACADA EXPERTA NACIONAL INIA e INDAP REALIZAN TALLER PARA CAPACITAR SOBRE CONSEVACION DE SEMILLAS EN MAGALLANES"},"content":{"rendered":"\n<p>El pasado 25 de abril, el Instituto de Investigaciones Agropecuarias (INIA), en conjunto con el Instituto de Desarrollo Agropecuario (INDAP), llev\u00f3 a cabo el taller \u00abConservaci\u00f3n de Semillas: de la Teor\u00eda a la Pr\u00e1ctica\u00bb, en el edificio de la Seremi de Agricultura. Esta actividad educativa resalt\u00f3 la importancia de la conservaci\u00f3n de semillas en el marco de la soberan\u00eda y seguridad alimentaria, temas cr\u00edticos en el contexto actual de cambio clim\u00e1tico y creciente demanda alimentaria.<\/p>\n\n\n\n<p>El taller fue dirigido por ingeniera forestal de la Universidad de Chile, Ana Sandoval, Master of Science (M.Sc.) en conservaci\u00f3n de semillas de la University of Sussex (Inglaterra) y quien cuenta con una vasta experiencia en el Banco Base de Semillas de Vicu\u00f1a, INIA Intihuasi, de las regiones de Atacama y Coquimbo.<\/p>\n\n\n\n<p>\u201cEl Taller estuvo centrado en proporcionar herramientas pr\u00e1cticas y estrategias eficaces para la gesti\u00f3n y conservaci\u00f3n de semillas, asegurando su disponibilidad y viabilidad a largo plazo\u201d, sostuvo la investigadora.<\/p>\n\n\n\n<p>La actividad busc\u00f3 no solo generar una plataforma de aprendizaje, sino tambi\u00e9n fomentar la interacci\u00f3n entre productores asociados al Programa de Transici\u00f3n Agricultura Sostenible (TAS), funcionarios de otros servicios y la experta en agroecolog\u00eda y coordinadora del evento, Claudia McLeod. Este intercambio propici\u00f3 un di\u00e1logo enriquecedor y el intercambio de experiencias y t\u00e9cnicas, fortaleciendo as\u00ed la colaboraci\u00f3n entre agricultores.<\/p>\n\n\n\n<p>El Director de INIA Kampenaike, Erwin Dom\u00ednguez D\u00edaz, destac\u00f3 el compromiso con el avance de pr\u00e1cticas agr\u00edcolas sostenibles y la conservaci\u00f3n de recursos fitogen\u00e9ticos a trav\u00e9s de la capacitaci\u00f3n especializada.<\/p>\n\n\n\n<p>\u00abAl priorizar la formaci\u00f3n en temas relevantes como la conservaci\u00f3n de semillas, se contribuye al desarrollo de habilidades para agricultores, y tambi\u00e9n se crea y fortalece una base necesaria para enfrentar los desaf\u00edos actuales y futuros de la producci\u00f3n agr\u00edcola. Lo que, sin duda, aporta al objetivo global de garantizar un futuro alimentario sostenible para todo el mundo\u00bb.<\/p>\n\n\n\n<p>Por su parte, el Director Regional de Indap, Gabriel Zegers M\u00fcller, destac\u00f3 que \u201cesta actividad fue implementada a trav\u00e9s de un trabajo colaborativo con INIA, para abordar la biodiversidad agr\u00edcola y la transferencia de conocimientos t\u00e9cnicos a los productores.&nbsp; Estas iniciativas son fundamentales para fortalecer la soberan\u00eda alimentaria y la resiliencia de nuestras comunidades frente a las adversidades clim\u00e1ticas\u201d, se\u00f1al\u00f3 Zegers.<\/p>\n","protected":false},"excerpt":{"rendered":"<p>El pasado 25 de abril, el Instituto de Investigaciones Agropecuarias (INIA), en conjunto con el Instituto de Desarrollo Agropecuario (INDAP), llev\u00f3 a cabo el taller \u00abConservaci\u00f3n de Semillas: de la&#8230; <a class=\"read-more\" href=\"https:\/\/www.radiopresidenteibanez.cl\/web\/con-destacada-experta-nacional-inia-e-indap-realizan-taller-para-capacitar-sobre-consevacion-de-semillas-en-magallanes\/\">Leer m\u00e1s<\/a><\/p>\n","protected":false},"author":2,"featured_media":48211,"comment_status":"closed","ping_status":"closed","sticky":false,"template":"","format":"standard","meta":{"footnotes":""},"categories":[1],"tags":[],"class_list":["post-48210","post","type-post","status-publish","format-standard","has-post-thumbnail","hentry","category-cronica"],"_links":{"self":[{"href":"https:\/\/www.radiopresidenteibanez.cl\/web\/wp-json\/wp\/v2\/posts\/48210","targetHints":{"allow":["GET"]}}],"collection":[{"href":"https:\/\/www.radiopresidenteibanez.cl\/web\/wp-json\/wp\/v2\/posts"}],"about":[{"href":"https:\/\/www.radiopresidenteibanez.cl\/web\/wp-json\/wp\/v2\/types\/post"}],"author":[{"embeddable":true,"href":"https:\/\/www.radiopresidenteibanez.cl\/web\/wp-json\/wp\/v2\/users\/2"}],"replies":[{"embeddable":true,"href":"https:\/\/www.radiopresidenteibanez.cl\/web\/wp-json\/wp\/v2\/comments?post=48210"}],"version-history":[{"count":0,"href":"https:\/\/www.radiopresidenteibanez.cl\/web\/wp-json\/wp\/v2\/posts\/48210\/revisions"}],"wp:featuredmedia":[{"embeddable":true,"href":"https:\/\/www.radiopresidenteibanez.cl\/web\/wp-json\/wp\/v2\/media\/48211"}],"wp:attachment":[{"href":"https:\/\/www.radiopresidenteibanez.cl\/web\/wp-json\/wp\/v2\/media?parent=48210"}],"wp:term":[{"taxonomy":"category","embeddable":true,"href":"https:\/\/www.radiopresidenteibanez.cl\/web\/wp-json\/wp\/v2\/categories?post=48210"},{"taxonomy":"post_tag","embeddable":true,"href":"https:\/\/www.radiopresidenteibanez.cl\/web\/wp-json\/wp\/v2\/tags?post=48210"}],"curies":[{"name":"wp","href":"https:\/\/api.w.org\/{rel}","templated":true}]}}