{"id":4820,"date":"2019-06-06T03:43:53","date_gmt":"2019-06-06T03:43:53","guid":{"rendered":"http:\/\/www.radiopresidenteibanez.cl\/web\/?p=4820"},"modified":"2019-06-06T03:44:27","modified_gmt":"2019-06-06T03:44:27","slug":"hombre-fue-encontrado-sin-vida-en-el-sector-de-villa-renoval-pdi-trabaja-para-dar-con-la-identificacion-de-el-o-la-malograda-persona","status":"publish","type":"post","link":"https:\/\/www.radiopresidenteibanez.cl\/web\/hombre-fue-encontrado-sin-vida-en-el-sector-de-villa-renoval-pdi-trabaja-para-dar-con-la-identificacion-de-el-o-la-malograda-persona\/","title":{"rendered":"HOMBRE FUE ENCONTRADO SIN VIDA EN EL SECTOR DE VILLA RENOVAL, PDI TRABAJA PARA DAR CON LA IDENTIFICACI\u00d3N DE \u00c9L O LA MALOGRADA PERSONA"},"content":{"rendered":"\n<p>Hasta el sector de Villa Renoval en \u00daltima Esperanza, se debi\u00f3 trasladar detectives de la Brigada de Homicidios junto a peritos forenses del Laboratorio de Criminal\u00edstica de la Polic\u00eda de Investigaciones de Punta Arenas, para investigar el hallazgo de un cad\u00e1ver, que habr\u00eda sido encontrado por lugare\u00f1os del sector.<\/p>\n\n\n\n<figure class=\"wp-block-image\"><img loading=\"lazy\" decoding=\"async\" width=\"900\" height=\"597\" src=\"http:\/\/www.radiopresidenteibanez.cl\/web\/wp-content\/uploads\/2019\/05\/pdi3.jpg\" alt=\"\" class=\"wp-image-4141\" srcset=\"https:\/\/www.radiopresidenteibanez.cl\/web\/wp-content\/uploads\/2019\/05\/pdi3.jpg 900w, https:\/\/www.radiopresidenteibanez.cl\/web\/wp-content\/uploads\/2019\/05\/pdi3-300x199.jpg 300w, https:\/\/www.radiopresidenteibanez.cl\/web\/wp-content\/uploads\/2019\/05\/pdi3-768x509.jpg 768w\" sizes=\"auto, (max-width: 900px) 100vw, 900px\" \/><\/figure>\n","protected":false},"excerpt":{"rendered":"<p>Hasta el sector de Villa Renoval en \u00daltima Esperanza, se debi\u00f3 trasladar detectives de la Brigada de Homicidios junto a peritos forenses del Laboratorio de Criminal\u00edstica de la Polic\u00eda de&#8230; <a class=\"read-more\" href=\"https:\/\/www.radiopresidenteibanez.cl\/web\/hombre-fue-encontrado-sin-vida-en-el-sector-de-villa-renoval-pdi-trabaja-para-dar-con-la-identificacion-de-el-o-la-malograda-persona\/\">Leer m\u00e1s<\/a><\/p>\n","protected":false},"author":2,"featured_media":4141,"comment_status":"closed","ping_status":"closed","sticky":false,"template":"","format":"standard","meta":{"footnotes":""},"categories":[6],"tags":[],"class_list":["post-4820","post","type-post","status-publish","format-standard","has-post-thumbnail","hentry","category-policial"],"_links":{"self":[{"href":"https:\/\/www.radiopresidenteibanez.cl\/web\/wp-json\/wp\/v2\/posts\/4820","targetHints":{"allow":["GET"]}}],"collection":[{"href":"https:\/\/www.radiopresidenteibanez.cl\/web\/wp-json\/wp\/v2\/posts"}],"about":[{"href":"https:\/\/www.radiopresidenteibanez.cl\/web\/wp-json\/wp\/v2\/types\/post"}],"author":[{"embeddable":true,"href":"https:\/\/www.radiopresidenteibanez.cl\/web\/wp-json\/wp\/v2\/users\/2"}],"replies":[{"embeddable":true,"href":"https:\/\/www.radiopresidenteibanez.cl\/web\/wp-json\/wp\/v2\/comments?post=4820"}],"version-history":[{"count":0,"href":"https:\/\/www.radiopresidenteibanez.cl\/web\/wp-json\/wp\/v2\/posts\/4820\/revisions"}],"wp:featuredmedia":[{"embeddable":true,"href":"https:\/\/www.radiopresidenteibanez.cl\/web\/wp-json\/wp\/v2\/media\/4141"}],"wp:attachment":[{"href":"https:\/\/www.radiopresidenteibanez.cl\/web\/wp-json\/wp\/v2\/media?parent=4820"}],"wp:term":[{"taxonomy":"category","embeddable":true,"href":"https:\/\/www.radiopresidenteibanez.cl\/web\/wp-json\/wp\/v2\/categories?post=4820"},{"taxonomy":"post_tag","embeddable":true,"href":"https:\/\/www.radiopresidenteibanez.cl\/web\/wp-json\/wp\/v2\/tags?post=4820"}],"curies":[{"name":"wp","href":"https:\/\/api.w.org\/{rel}","templated":true}]}}