{"id":48183,"date":"2024-05-04T16:55:00","date_gmt":"2024-05-04T19:55:00","guid":{"rendered":"https:\/\/www.radiopresidenteibanez.cl\/web\/?p=48183"},"modified":"2024-05-04T14:25:04","modified_gmt":"2024-05-04T17:25:04","slug":"salud-magallanes-facilitando-el-acceso-del-derecho-a-laeducacion-de-usuarios-as-en-etapa-escolar","status":"publish","type":"post","link":"https:\/\/www.radiopresidenteibanez.cl\/web\/salud-magallanes-facilitando-el-acceso-del-derecho-a-laeducacion-de-usuarios-as-en-etapa-escolar\/","title":{"rendered":"Salud Magallanes facilitando el acceso del derecho a laeducaci\u00f3n de usuarios\/as en etapa escolar"},"content":{"rendered":"\n<p>En el Hospital Dr. Augusto Essmann Burgos de Puerto Natales, el Servicio de Salud Magallanes<br>junto a Fundaci\u00f3n Educaci\u00f3n Inclusiva, suscribieron un convenio tendiente a la<br>implementaci\u00f3n de un aula hospitalaria en el establecimiento de salud natalino, con el<br>objetivo de facilitar el acceso y derecho a la educaci\u00f3n de menores que debido a su estado de<br>salud no pueden participar de clases presenciales.<br>Al respecto, Ver\u00f3nica Y\u00e1\u00f1ez, directora del Servicio de Salud coment\u00f3 que es loable el trabajo<br>desarrollado por la Fundaci\u00f3n, quienes tienen habilitada desde el a\u00f1o 2020, un aula<br>hospitalaria en el Hospital Cl\u00ednico de Magallanes en beneficio de ni\u00f1os y ni\u00f1as. \u201cCon esta firma<br>de convenio, hemos facilitado a trav\u00e9s del Hospital de Puerto Natales, un espacio f\u00edsico<br>destinado al aula hospitalaria, que brindar\u00e1 seg\u00fan lo catastrado una primera tensi\u00f3n a 20<br>ni\u00f1os y ni\u00f1as de la comuna\u201d, indic\u00f3 la autoridad de salud.<br>Agregando que, \u201csi bien cierto, actualmente no hay ni\u00f1os y ni\u00f1as hospitalizados en el recinto,<br>si hay ni\u00f1os\/as que est\u00e1n fuera del sistema escolar que necesitan un apoyo pedag\u00f3gico, y ese<br>apoyo pedag\u00f3gico puede ser brindado a los menores y a sus familias a trav\u00e9s de esta aula, a la<br>cual se accede tambi\u00e9n de manera voluntaria\u201d, puntualiz\u00f3 Ver\u00f3nica Y\u00e1\u00f1ez.<br>Por su parte, Camila Scarabello, directora de Fundaci\u00f3n Educaci\u00f3n Inclusiva, indic\u00f3 que \u201ccomo<br>Fundaci\u00f3n y como miembros del trabajo de la pedagog\u00eda hospitalaria en nuestro pa\u00eds, estamos<br>muy contentos, este es un gran paso adelante, un avance para la educaci\u00f3n de ni\u00f1as, ni\u00f1os y<br>j\u00f3venes que se encuentran en sus domicilios, que est\u00e1n viviendo un tratamiento m\u00e9dico o un<br>problema de salud y que necesitan tener educaci\u00f3n, tener un colegio como el resto de los<br>ni\u00f1os en Chile, estamos convencidos que es un avance en la regi\u00f3n, en la cobertura de<br>educaci\u00f3n para todos estos ni\u00f1os que por diferentes razones tuvieron que salir del sistema<br>educacional por distintos motivos de salud, pero junto al Hospital y el Servicio Salud, estamos<br>respondiendo a la cobertura educativa a trav\u00e9s de la creaci\u00f3n y apertura de un aula<br>hospitalaria en el hospital de puerto Natales\u201d, acot\u00f3.<br>Efectivamente, el aula hospitalaria busca dar respuesta a la necesidad de ni\u00f1os\/as que por su<br>condici\u00f3n de salud y al encontrarse sometidos a una atenci\u00f3n m\u00e9dica, necesariamente no<br>vean afectada su actividad acad\u00e9mica y escolar, permiti\u00e9ndoles mantener continuidad de<br>prestaciones educacionales a todos los ni\u00f1os, a la vez de incentivar y apoyar la adherencia al<br>tratamiento m\u00e9dico y la recuperaci\u00f3n de la salud.<br>A pesar de que no existe una fecha exacta de apertura, el director del Hospital, Ricardo Moya,<br>asegur\u00f3 que \u201cel establecimiento trabajar\u00e1 en los avances de adecuaci\u00f3n para tener el espacio<br>instalado una vez se reciban todas las autorizaciones de la Seremi de Educaci\u00f3n\u201d.<\/p>\n","protected":false},"excerpt":{"rendered":"<p>En el Hospital Dr. Augusto Essmann Burgos de Puerto Natales, el Servicio de Salud Magallanesjunto a Fundaci\u00f3n Educaci\u00f3n Inclusiva, suscribieron un convenio tendiente a laimplementaci\u00f3n de un aula hospitalaria en&#8230; <a class=\"read-more\" href=\"https:\/\/www.radiopresidenteibanez.cl\/web\/salud-magallanes-facilitando-el-acceso-del-derecho-a-laeducacion-de-usuarios-as-en-etapa-escolar\/\">Leer m\u00e1s<\/a><\/p>\n","protected":false},"author":2,"featured_media":48184,"comment_status":"closed","ping_status":"closed","sticky":false,"template":"","format":"standard","meta":{"footnotes":""},"categories":[1],"tags":[],"class_list":["post-48183","post","type-post","status-publish","format-standard","has-post-thumbnail","hentry","category-cronica"],"_links":{"self":[{"href":"https:\/\/www.radiopresidenteibanez.cl\/web\/wp-json\/wp\/v2\/posts\/48183","targetHints":{"allow":["GET"]}}],"collection":[{"href":"https:\/\/www.radiopresidenteibanez.cl\/web\/wp-json\/wp\/v2\/posts"}],"about":[{"href":"https:\/\/www.radiopresidenteibanez.cl\/web\/wp-json\/wp\/v2\/types\/post"}],"author":[{"embeddable":true,"href":"https:\/\/www.radiopresidenteibanez.cl\/web\/wp-json\/wp\/v2\/users\/2"}],"replies":[{"embeddable":true,"href":"https:\/\/www.radiopresidenteibanez.cl\/web\/wp-json\/wp\/v2\/comments?post=48183"}],"version-history":[{"count":0,"href":"https:\/\/www.radiopresidenteibanez.cl\/web\/wp-json\/wp\/v2\/posts\/48183\/revisions"}],"wp:featuredmedia":[{"embeddable":true,"href":"https:\/\/www.radiopresidenteibanez.cl\/web\/wp-json\/wp\/v2\/media\/48184"}],"wp:attachment":[{"href":"https:\/\/www.radiopresidenteibanez.cl\/web\/wp-json\/wp\/v2\/media?parent=48183"}],"wp:term":[{"taxonomy":"category","embeddable":true,"href":"https:\/\/www.radiopresidenteibanez.cl\/web\/wp-json\/wp\/v2\/categories?post=48183"},{"taxonomy":"post_tag","embeddable":true,"href":"https:\/\/www.radiopresidenteibanez.cl\/web\/wp-json\/wp\/v2\/tags?post=48183"}],"curies":[{"name":"wp","href":"https:\/\/api.w.org\/{rel}","templated":true}]}}