{"id":48145,"date":"2024-05-03T10:28:00","date_gmt":"2024-05-03T13:28:00","guid":{"rendered":"https:\/\/www.radiopresidenteibanez.cl\/web\/?p=48145"},"modified":"2024-05-03T08:34:41","modified_gmt":"2024-05-03T11:34:41","slug":"se-inscribieron-148-candidaturas-para-el-consejo-local-de-educacion-publica","status":"publish","type":"post","link":"https:\/\/www.radiopresidenteibanez.cl\/web\/se-inscribieron-148-candidaturas-para-el-consejo-local-de-educacion-publica\/","title":{"rendered":"SE INSCRIBIERON 148 CANDIDATURAS PARA EL CONSEJO LOCAL DE EDUCACION PUBLICA"},"content":{"rendered":"\n<p>Los d\u00edas 17 y 18 de junio se efectuar\u00e1 en toda la regi\u00f3n la elecci\u00f3n del primer Consejo Local de<br>Educaci\u00f3n P\u00fablica de Magallanes, instancia que estar\u00e1 integrada por todos los estamentos del<br>sistema escolar para representar los intereses y las necesidades de los establecimientos<br>educacionales ante la direcci\u00f3n ejecutiva del Servicio Local de Educaci\u00f3n P\u00fablica y su comit\u00e9<br>directivo.<br>Para la elecci\u00f3n se inscribieron 148 candidaturas que van tras alguno de los cupos en el Consejo:<br>dos corresponden a los Centros de Estudiantes, dos son de Centros de Padres, Madres y<br>Apoderados, dos de los profesionales de la educaci\u00f3n, dos de los asistentes de la educaci\u00f3n y dos de los equipos directivos y\/o t\u00e9cnico-pedag\u00f3gicos. Estos cargos elegidos se van a complementar con un consejero nombrado por la Universidad de Magallanes y uno del Centro de Formaci\u00f3n T\u00e9cnica de Magallanes.<br>Cada estamento del sistema escolar est\u00e1 convocado a votar por sus respectivos representantes. Se estima que el padr\u00f3n de electores estar\u00e1 conformado por cerca de 30 mil personas y cerca de la mitad son estudiantes de quinto b\u00e1sico hasta cuarto medio. En cada establecimiento educacional se habilitar\u00e1 una urna para recibir los sufragios.<br>En tanto, en la p\u00e1gina web institucional del SLEP Magallanes ya se puede conocer la lista de<br>candidatas y candidatos, mientras que pr\u00f3ximamente se ir\u00e1n publicando sus declaraciones de<br>intenciones para optar a uno de los cupos en el nuevo Consejo Local de Educaci\u00f3n P\u00fablica.<\/p>\n","protected":false},"excerpt":{"rendered":"<p>Los d\u00edas 17 y 18 de junio se efectuar\u00e1 en toda la regi\u00f3n la elecci\u00f3n del primer Consejo Local deEducaci\u00f3n P\u00fablica de Magallanes, instancia que estar\u00e1 integrada por todos los&#8230; <a class=\"read-more\" href=\"https:\/\/www.radiopresidenteibanez.cl\/web\/se-inscribieron-148-candidaturas-para-el-consejo-local-de-educacion-publica\/\">Leer m\u00e1s<\/a><\/p>\n","protected":false},"author":2,"featured_media":48146,"comment_status":"closed","ping_status":"closed","sticky":false,"template":"","format":"standard","meta":{"footnotes":""},"categories":[1],"tags":[],"class_list":["post-48145","post","type-post","status-publish","format-standard","has-post-thumbnail","hentry","category-cronica"],"_links":{"self":[{"href":"https:\/\/www.radiopresidenteibanez.cl\/web\/wp-json\/wp\/v2\/posts\/48145","targetHints":{"allow":["GET"]}}],"collection":[{"href":"https:\/\/www.radiopresidenteibanez.cl\/web\/wp-json\/wp\/v2\/posts"}],"about":[{"href":"https:\/\/www.radiopresidenteibanez.cl\/web\/wp-json\/wp\/v2\/types\/post"}],"author":[{"embeddable":true,"href":"https:\/\/www.radiopresidenteibanez.cl\/web\/wp-json\/wp\/v2\/users\/2"}],"replies":[{"embeddable":true,"href":"https:\/\/www.radiopresidenteibanez.cl\/web\/wp-json\/wp\/v2\/comments?post=48145"}],"version-history":[{"count":0,"href":"https:\/\/www.radiopresidenteibanez.cl\/web\/wp-json\/wp\/v2\/posts\/48145\/revisions"}],"wp:featuredmedia":[{"embeddable":true,"href":"https:\/\/www.radiopresidenteibanez.cl\/web\/wp-json\/wp\/v2\/media\/48146"}],"wp:attachment":[{"href":"https:\/\/www.radiopresidenteibanez.cl\/web\/wp-json\/wp\/v2\/media?parent=48145"}],"wp:term":[{"taxonomy":"category","embeddable":true,"href":"https:\/\/www.radiopresidenteibanez.cl\/web\/wp-json\/wp\/v2\/categories?post=48145"},{"taxonomy":"post_tag","embeddable":true,"href":"https:\/\/www.radiopresidenteibanez.cl\/web\/wp-json\/wp\/v2\/tags?post=48145"}],"curies":[{"name":"wp","href":"https:\/\/api.w.org\/{rel}","templated":true}]}}