{"id":48134,"date":"2024-05-02T18:09:00","date_gmt":"2024-05-02T21:09:00","guid":{"rendered":"https:\/\/www.radiopresidenteibanez.cl\/web\/?p=48134"},"modified":"2024-05-02T15:11:57","modified_gmt":"2024-05-02T18:11:57","slug":"sag-magallanes-informa-actualizacion-de-normativa-que-regula-la-agricultura-organica","status":"publish","type":"post","link":"https:\/\/www.radiopresidenteibanez.cl\/web\/sag-magallanes-informa-actualizacion-de-normativa-que-regula-la-agricultura-organica\/","title":{"rendered":"SAG MAGALLANES INFORMA ACTUALIZACION DE NORMATIVA QUE REGULA  LA AGRICULTURA ORGANICA"},"content":{"rendered":"\n<p>En los \u00faltimos a\u00f1os la creciente tendencia a privilegiar una alimentaci\u00f3n sana y de calidad, sumada a la eminente vocaci\u00f3n exportadora de nuestro pa\u00eds y a los cada vez m\u00e1s exigentes requisitos y est\u00e1ndares que demandan los principales mercados de destino de los productos nacionales, ha llevado a potenciar sistemas productivos m\u00e1s cuidadosos, que no dependan del uso de insumos de origen sint\u00e9tico que podr\u00edan representar riesgos para la salud de las personas, animales y medio ambiente.<\/p>\n\n\n\n<p>Es as\u00ed como la agricultura org\u00e1nica se ha posicionado como una forma de producci\u00f3n segura, en t\u00e9rminos de alimentaci\u00f3n y de cuidado ambiental, lo que se fortalece gracias al creciente compromiso de quienes producen, procesan y comercializan, para evitar la contaminaci\u00f3n y mantener la condici\u00f3n de calidad de los productos que se obtienen bajo este sistema.<\/p>\n\n\n\n<p>Sin embargo, dado que la agricultura org\u00e1nica constituye una actividad din\u00e1mica, cuyos procesos var\u00edan en el tiempo, y a la necesidad de actualizar la normativa que regula esta forma de producci\u00f3n, el Servicio Agr\u00edcola y Ganadero ha dispuesto la eliminaci\u00f3n del listado de insumos visados una serie de productos que,&nbsp;a contar de abril de 2024,&nbsp;no se encontrar\u00e1n autorizados para uso en agricultura org\u00e1nica.<\/p>\n\n\n\n<p>La eliminaci\u00f3n de estos insumos, o sus nombres comerciales, aplica a contar del 11 de abril del a\u00f1o en curso, sin embargo, se permitir\u00e1 el uso de los productos en predios bajo certificaci\u00f3n org\u00e1nica, en la medida que dichos insumos hayan sido adquiridos en fecha anterior a la indicada y por un periodo de dos a\u00f1os.<\/p>\n\n\n\n<p>Para conocer el listado de insumos que fueron eliminados para su uso en Agricultura Org\u00e1nica, visita el enlace:&nbsp;<a href=\"https:\/\/www.sag.gob.cl\/noticias\/informate-de-la-lista-de-insumos-eliminados-por-el-sag-para-uso-en-agricultura-organica\" target=\"_blank\" rel=\"noreferrer noopener\">https:\/\/www.sag.gob.cl\/noticias\/informate-de-la-lista-de-insumos-eliminados-por-el-sag-para-uso-en-agricultura-organica<\/a>, o visita la p\u00e1gina&nbsp;<a href=\"http:\/\/www.sag.cl\/\" target=\"_blank\" rel=\"noreferrer noopener\">www.sag.cl<\/a>.<\/p>\n\n\n\n<p>Esta medida, viene a reforzar el concepto de que \u201cproductos org\u00e1nicos agr\u00edcolas\u201d son aquellos provenientes de sistemas hol\u00edsticos de gesti\u00f3n de la producci\u00f3n en el \u00e1mbito agr\u00edcola, pecuario o forestal, que fomenta y mejora la salud del agroecosistema y, en particular, la biodiversidad, los ciclos biol\u00f3gicos y la actividad biol\u00f3gica del suelo.<\/p>\n\n\n\n<p>Ante dudas o consultas sobre esta u otras materias de competencia del SAG, escr\u00edbanos a&nbsp;<a href=\"mailto:contacto.magallanes@sag.gob.cl\" target=\"_blank\" rel=\"noreferrer noopener\">contacto.magallanes@sag.gob.cl<\/a>.<\/p>\n","protected":false},"excerpt":{"rendered":"<p>En los \u00faltimos a\u00f1os la creciente tendencia a privilegiar una alimentaci\u00f3n sana y de calidad, sumada a la eminente vocaci\u00f3n exportadora de nuestro pa\u00eds y a los cada vez m\u00e1s&#8230; <a class=\"read-more\" href=\"https:\/\/www.radiopresidenteibanez.cl\/web\/sag-magallanes-informa-actualizacion-de-normativa-que-regula-la-agricultura-organica\/\">Leer m\u00e1s<\/a><\/p>\n","protected":false},"author":2,"featured_media":48135,"comment_status":"closed","ping_status":"closed","sticky":false,"template":"","format":"standard","meta":{"footnotes":""},"categories":[1],"tags":[],"class_list":["post-48134","post","type-post","status-publish","format-standard","has-post-thumbnail","hentry","category-cronica"],"_links":{"self":[{"href":"https:\/\/www.radiopresidenteibanez.cl\/web\/wp-json\/wp\/v2\/posts\/48134","targetHints":{"allow":["GET"]}}],"collection":[{"href":"https:\/\/www.radiopresidenteibanez.cl\/web\/wp-json\/wp\/v2\/posts"}],"about":[{"href":"https:\/\/www.radiopresidenteibanez.cl\/web\/wp-json\/wp\/v2\/types\/post"}],"author":[{"embeddable":true,"href":"https:\/\/www.radiopresidenteibanez.cl\/web\/wp-json\/wp\/v2\/users\/2"}],"replies":[{"embeddable":true,"href":"https:\/\/www.radiopresidenteibanez.cl\/web\/wp-json\/wp\/v2\/comments?post=48134"}],"version-history":[{"count":0,"href":"https:\/\/www.radiopresidenteibanez.cl\/web\/wp-json\/wp\/v2\/posts\/48134\/revisions"}],"wp:featuredmedia":[{"embeddable":true,"href":"https:\/\/www.radiopresidenteibanez.cl\/web\/wp-json\/wp\/v2\/media\/48135"}],"wp:attachment":[{"href":"https:\/\/www.radiopresidenteibanez.cl\/web\/wp-json\/wp\/v2\/media?parent=48134"}],"wp:term":[{"taxonomy":"category","embeddable":true,"href":"https:\/\/www.radiopresidenteibanez.cl\/web\/wp-json\/wp\/v2\/categories?post=48134"},{"taxonomy":"post_tag","embeddable":true,"href":"https:\/\/www.radiopresidenteibanez.cl\/web\/wp-json\/wp\/v2\/tags?post=48134"}],"curies":[{"name":"wp","href":"https:\/\/api.w.org\/{rel}","templated":true}]}}