{"id":4813,"date":"2019-06-06T02:42:51","date_gmt":"2019-06-06T02:42:51","guid":{"rendered":"http:\/\/www.radiopresidenteibanez.cl\/web\/?p=4813"},"modified":"2019-06-06T03:15:37","modified_gmt":"2019-06-06T03:15:37","slug":"pesar-por-el-fallecimiento-de-reconocido-cuequero-mientras-ensayaba-al-interior-de-la-escuela-argentina","status":"publish","type":"post","link":"https:\/\/www.radiopresidenteibanez.cl\/web\/pesar-por-el-fallecimiento-de-reconocido-cuequero-mientras-ensayaba-al-interior-de-la-escuela-argentina\/","title":{"rendered":"PESAR POR EL FALLECIMIENTO DE RECONOCIDO CUEQUERO MIENTRAS ENSAYABA AL INTERIOR DE LA ESCUELA ARGENTINA"},"content":{"rendered":"\n<p>En un lamentable hecho una persona identificada como Luis\nGam\u00edn Vera de 57 a\u00f1os falleci\u00f3 en dependencias de la Escuela Argentina mientras\nrealizaba ensayos de baile, el deceso ocurri\u00f3 pasada las 20:30 horas de este mi\u00e9rcoles\ncuando al desvanecerse cayera al suelo golpe\u00e1ndose fuertemente en la cabeza.<\/p>\n\n\n\n<p>Por lo anterior hasta el establecimiento educacional se\ndebi\u00f3 trasladar r\u00e1pidamente personal del Samu quienes realizaron las primeras\nmaniobras de reanimaci\u00f3n a la victima lo cual no tuvo resultados favorables.<\/p>\n\n\n\n<p>Personal de Carabineros se aperson\u00f3 en el lugar para\nrealizar las investigaciones correspondientes del hecho, Gam\u00edn Vera, formaba\nparte del ballet municipal de Punta Arenas, por lo que tambi\u00e9n hasta el lugar\nse aperson\u00f3 el alcalde Claudio Radonich, quien lament\u00f3 lo sucedido.<\/p>\n\n\n\n<figure class=\"wp-block-image\"><img loading=\"lazy\" decoding=\"async\" width=\"800\" height=\"383\" src=\"http:\/\/www.radiopresidenteibanez.cl\/web\/wp-content\/uploads\/2019\/01\/archivo-samu-muertos-pedro-aguirre-cerda-accidente.jpg\" alt=\"\" class=\"wp-image-189\" srcset=\"https:\/\/www.radiopresidenteibanez.cl\/web\/wp-content\/uploads\/2019\/01\/archivo-samu-muertos-pedro-aguirre-cerda-accidente.jpg 800w, https:\/\/www.radiopresidenteibanez.cl\/web\/wp-content\/uploads\/2019\/01\/archivo-samu-muertos-pedro-aguirre-cerda-accidente-300x144.jpg 300w, https:\/\/www.radiopresidenteibanez.cl\/web\/wp-content\/uploads\/2019\/01\/archivo-samu-muertos-pedro-aguirre-cerda-accidente-768x368.jpg 768w\" sizes=\"auto, (max-width: 800px) 100vw, 800px\" \/><\/figure>\n","protected":false},"excerpt":{"rendered":"<p>En un lamentable hecho una persona identificada como Luis Gam\u00edn Vera de 57 a\u00f1os falleci\u00f3 en dependencias de la Escuela Argentina mientras realizaba ensayos de baile, el deceso ocurri\u00f3 pasada&#8230; <a class=\"read-more\" href=\"https:\/\/www.radiopresidenteibanez.cl\/web\/pesar-por-el-fallecimiento-de-reconocido-cuequero-mientras-ensayaba-al-interior-de-la-escuela-argentina\/\">Leer m\u00e1s<\/a><\/p>\n","protected":false},"author":2,"featured_media":189,"comment_status":"closed","ping_status":"closed","sticky":false,"template":"","format":"standard","meta":{"footnotes":""},"categories":[1],"tags":[],"class_list":["post-4813","post","type-post","status-publish","format-standard","has-post-thumbnail","hentry","category-cronica"],"_links":{"self":[{"href":"https:\/\/www.radiopresidenteibanez.cl\/web\/wp-json\/wp\/v2\/posts\/4813","targetHints":{"allow":["GET"]}}],"collection":[{"href":"https:\/\/www.radiopresidenteibanez.cl\/web\/wp-json\/wp\/v2\/posts"}],"about":[{"href":"https:\/\/www.radiopresidenteibanez.cl\/web\/wp-json\/wp\/v2\/types\/post"}],"author":[{"embeddable":true,"href":"https:\/\/www.radiopresidenteibanez.cl\/web\/wp-json\/wp\/v2\/users\/2"}],"replies":[{"embeddable":true,"href":"https:\/\/www.radiopresidenteibanez.cl\/web\/wp-json\/wp\/v2\/comments?post=4813"}],"version-history":[{"count":0,"href":"https:\/\/www.radiopresidenteibanez.cl\/web\/wp-json\/wp\/v2\/posts\/4813\/revisions"}],"wp:featuredmedia":[{"embeddable":true,"href":"https:\/\/www.radiopresidenteibanez.cl\/web\/wp-json\/wp\/v2\/media\/189"}],"wp:attachment":[{"href":"https:\/\/www.radiopresidenteibanez.cl\/web\/wp-json\/wp\/v2\/media?parent=4813"}],"wp:term":[{"taxonomy":"category","embeddable":true,"href":"https:\/\/www.radiopresidenteibanez.cl\/web\/wp-json\/wp\/v2\/categories?post=4813"},{"taxonomy":"post_tag","embeddable":true,"href":"https:\/\/www.radiopresidenteibanez.cl\/web\/wp-json\/wp\/v2\/tags?post=4813"}],"curies":[{"name":"wp","href":"https:\/\/api.w.org\/{rel}","templated":true}]}}