{"id":48114,"date":"2024-05-02T10:29:00","date_gmt":"2024-05-02T13:29:00","guid":{"rendered":"https:\/\/www.radiopresidenteibanez.cl\/web\/?p=48114"},"modified":"2024-05-02T08:34:49","modified_gmt":"2024-05-02T11:34:49","slug":"himno-vuelve-a-punta-arenas-el-documental-sobre-el-pueblo-unido-jamas-seras-vencido","status":"publish","type":"post","link":"https:\/\/www.radiopresidenteibanez.cl\/web\/himno-vuelve-a-punta-arenas-el-documental-sobre-el-pueblo-unido-jamas-seras-vencido\/","title":{"rendered":"HIMNO : VUELVE A PUNTA ARENAS EL DOCUMENTAL SOBRE \u00abEL PUEBLO UNIDO JAMAS SERAS VENCIDO\u00bb"},"content":{"rendered":"\n<p>Tras una exitosa y multitudinaria primera funci\u00f3n, regresa a las salas de Punta Arenas<br>\u201cHimno\u201d, un documental que detalla el viaje musical de la canci\u00f3n \u2018El pueblo unido jam\u00e1s<br>ser\u00e1 vencido\u2019 de Sergio Ortega y Quilapay\u00fan, la cual ha sido reconocida e interpretada en<br>diversas latitudes del planeta.<br>Gracias a la distribuidora Miradoc, el documental se presentar\u00e1 el martes 7 de mayo, con<br>una funci\u00f3n especial en el Cine Sala Estrella que contar\u00e1 con la participaci\u00f3n del director<br>Mart\u00edn Far\u00edas y la productora Eileen Karmy en un conversatorio posterior a la exhibici\u00f3n<br>del documental. Las entradas se encuentran disponibles en el sitio web y boleter\u00eda del<br>cine.<br>Por medio de m\u00faltiples testimonios, diversas interpretaciones musicales y material de<br>archivo in\u00e9dito, el largometraje expone el poder convocante de la canci\u00f3n y la manera en<br>que se ha transformado en un emblema de diversas luchas sociales en pa\u00edses como Chile,<br>Portugal, Francia, Alemania, Finlandia y Jap\u00f3n. Traducida a m\u00e1s de 25 idiomas y con m\u00e1s<br>de 130 versiones grabadas por artistas de todo el mundo, es lo que destaca en datos esta<br>investigaci\u00f3n.<br>\u201cLa idea surgi\u00f3 el 2015 a partir de la inquietud y el inter\u00e9s de documentar las diversas<br>versiones de la canci\u00f3n\u201d, afirma el music\u00f3logo Mart\u00edn Far\u00edas, encargado de la direcci\u00f3n,<br>gui\u00f3n y montaje del documental. \u201cEmpezamos a darnos cuenta que existe una gran<br>cantidad de versiones y eso no es algo tan com\u00fan en la m\u00fasica chilena, por lo que nos<br>preguntamos por qu\u00e9 esta canci\u00f3n le hac\u00eda sentido a personas en distintos lugares del<br>mundo\u201d, detalla.<br>SINOPSIS<br>Un vibrante viaje musical que se pregunta c\u00f3mo la canci\u00f3n \u2018El pueblo unido jam\u00e1s ser\u00e1<br>vencido\u2019, compuesta hace 50 a\u00f1os en Chile, ha sido reconocida e interpretada en las m\u00e1s<br>diversas latitudes. Con materiales de archivo in\u00e9ditos, testimonios, m\u00fasica, grabaciones<br>sonoras y pasajes experimentales, reconoce el poder de las canciones y la b\u00fasqueda de<br>transformaciones sociales por parte de diversos movimientos.<\/p>\n\n\n\n<p>Sobre la base de una investigaci\u00f3n en profundidad y con testimonios de m\u00fasicos y m\u00fasicas<br>de Chile, Portugal, Francia, Alemania, Finlandia y Jap\u00f3n, se adentra en los distintos usos y<br>significados que este himno ha alcanzado alrededor del mundo.<\/p>\n","protected":false},"excerpt":{"rendered":"<p>Tras una exitosa y multitudinaria primera funci\u00f3n, regresa a las salas de Punta Arenas\u201cHimno\u201d, un documental que detalla el viaje musical de la canci\u00f3n \u2018El pueblo unido jam\u00e1sser\u00e1 vencido\u2019 de&#8230; <a class=\"read-more\" href=\"https:\/\/www.radiopresidenteibanez.cl\/web\/himno-vuelve-a-punta-arenas-el-documental-sobre-el-pueblo-unido-jamas-seras-vencido\/\">Leer m\u00e1s<\/a><\/p>\n","protected":false},"author":2,"featured_media":48115,"comment_status":"closed","ping_status":"closed","sticky":false,"template":"","format":"standard","meta":{"footnotes":""},"categories":[1],"tags":[],"class_list":["post-48114","post","type-post","status-publish","format-standard","has-post-thumbnail","hentry","category-cronica"],"_links":{"self":[{"href":"https:\/\/www.radiopresidenteibanez.cl\/web\/wp-json\/wp\/v2\/posts\/48114","targetHints":{"allow":["GET"]}}],"collection":[{"href":"https:\/\/www.radiopresidenteibanez.cl\/web\/wp-json\/wp\/v2\/posts"}],"about":[{"href":"https:\/\/www.radiopresidenteibanez.cl\/web\/wp-json\/wp\/v2\/types\/post"}],"author":[{"embeddable":true,"href":"https:\/\/www.radiopresidenteibanez.cl\/web\/wp-json\/wp\/v2\/users\/2"}],"replies":[{"embeddable":true,"href":"https:\/\/www.radiopresidenteibanez.cl\/web\/wp-json\/wp\/v2\/comments?post=48114"}],"version-history":[{"count":0,"href":"https:\/\/www.radiopresidenteibanez.cl\/web\/wp-json\/wp\/v2\/posts\/48114\/revisions"}],"wp:featuredmedia":[{"embeddable":true,"href":"https:\/\/www.radiopresidenteibanez.cl\/web\/wp-json\/wp\/v2\/media\/48115"}],"wp:attachment":[{"href":"https:\/\/www.radiopresidenteibanez.cl\/web\/wp-json\/wp\/v2\/media?parent=48114"}],"wp:term":[{"taxonomy":"category","embeddable":true,"href":"https:\/\/www.radiopresidenteibanez.cl\/web\/wp-json\/wp\/v2\/categories?post=48114"},{"taxonomy":"post_tag","embeddable":true,"href":"https:\/\/www.radiopresidenteibanez.cl\/web\/wp-json\/wp\/v2\/tags?post=48114"}],"curies":[{"name":"wp","href":"https:\/\/api.w.org\/{rel}","templated":true}]}}