{"id":48105,"date":"2024-05-01T16:20:00","date_gmt":"2024-05-01T19:20:00","guid":{"rendered":"https:\/\/www.radiopresidenteibanez.cl\/web\/?p=48105"},"modified":"2024-05-01T14:41:07","modified_gmt":"2024-05-01T17:41:07","slug":"pulso-sindical-8","status":"publish","type":"post","link":"https:\/\/www.radiopresidenteibanez.cl\/web\/pulso-sindical-8\/","title":{"rendered":"PULSO SINDICAL"},"content":{"rendered":"\n<p>El primero de Mayo no es una fecha conmemorativa, no es un aniversario, no es una fiesta. El primero de mayo es un s\u00edmbolo de esperanza. Un d\u00eda en el cual se dan cita los trabajadores del mundo entero, para estrechar cari\u00f1osamente su amistad, salvando con el pensamiento las distancias, los desiertos, las monta\u00f1as. En una palabra salvando las fronteras marcadas por banderas.<\/p>\n\n\n\n<p>Es un d\u00eda en que a un tiempo, en todos los pa\u00edses simult\u00e1neamente, en un mismo momento, los trabajadores todos, ponen silencio majestuoso a la labor diaria, se cruzan los brazos, el trabajo cesa, la fragua, el martillo no golpea, todo queda en inmutable silencio. El taller vac\u00edo llora la ausencia de obrero, sin el cual no hay vida.<\/p>\n\n\n\n<p>Es un d\u00eda el primero de mayo, en que los proletarios del universo entero \u2013al parar el trabajo- lo hacen para expresar a la clase capitalista gobernante, su protesta y su queja por la explotaci\u00f3n permanente en que hemos vivido hasta hoy. El primero de mayo es la fecha escogida para repetir a\u00f1o tras a\u00f1o nuestras peticiones de modificaci\u00f3n de la vida social, que en su organizaci\u00f3n defectuosa quita a muchos el patrimonio, para darle a unos pocos en perjuicio del mayor numero.<\/p>\n\n\n\n<p>El primero de mayo es una demostraci\u00f3n universal de clase a clase. La clase proletaria se\u00f1alando sus dolores, sus miserias, su ignorancia, para que ellas averg\u00fcencen al mundo, para que ellas se hagan desaparecer. El primero de mayo es tambi\u00e9n un d\u00eda de regocijo, de placer, porque las multitudes se sienten mas fuertes al verse unidas, porque se comprende lo que vale esta fuerza unida, compacta y bien encaminada.<\/p>\n\n\n\n<p>El primero de mayo es la demostraci\u00f3n evidente de la fuerza obrera, de la fuerza productora que necesita ocupar en el banquete de la vida, un sitio igual que los dem\u00e1s.<\/p>\n\n\n\n<p>Paralizar las faenas en este d\u00eda en todo el mundo, es elevar la formidable protesta contra todas las tiran\u00edas que han creado los hombres en contra de sus semejantes.<\/p>\n\n\n\n<p>Paralizar el trabajo es demostrar la unidad de pensamientos y que se esta dispuesto a luchar para conquistar el provenir lleno de felicidades para el mundo.<\/p>\n\n\n\n<p>SALUD AL PRIMERO DE MAYO SALUD AL DIA DE LOS TRABAJADORES<\/p>\n\n\n\n<p>\u201cManifiesto publicado en el Grito Popular, Iquique, 1\u00ba Mayo 1911, por Luis Emilio Recabarren Serrano\u201d<\/p>\n","protected":false},"excerpt":{"rendered":"<p>El primero de Mayo no es una fecha conmemorativa, no es un aniversario, no es una fiesta. El primero de mayo es un s\u00edmbolo de esperanza. Un d\u00eda en el&#8230; <a class=\"read-more\" href=\"https:\/\/www.radiopresidenteibanez.cl\/web\/pulso-sindical-8\/\">Leer m\u00e1s<\/a><\/p>\n","protected":false},"author":2,"featured_media":48106,"comment_status":"closed","ping_status":"closed","sticky":false,"template":"","format":"standard","meta":{"footnotes":""},"categories":[1],"tags":[],"class_list":["post-48105","post","type-post","status-publish","format-standard","has-post-thumbnail","hentry","category-cronica"],"_links":{"self":[{"href":"https:\/\/www.radiopresidenteibanez.cl\/web\/wp-json\/wp\/v2\/posts\/48105","targetHints":{"allow":["GET"]}}],"collection":[{"href":"https:\/\/www.radiopresidenteibanez.cl\/web\/wp-json\/wp\/v2\/posts"}],"about":[{"href":"https:\/\/www.radiopresidenteibanez.cl\/web\/wp-json\/wp\/v2\/types\/post"}],"author":[{"embeddable":true,"href":"https:\/\/www.radiopresidenteibanez.cl\/web\/wp-json\/wp\/v2\/users\/2"}],"replies":[{"embeddable":true,"href":"https:\/\/www.radiopresidenteibanez.cl\/web\/wp-json\/wp\/v2\/comments?post=48105"}],"version-history":[{"count":0,"href":"https:\/\/www.radiopresidenteibanez.cl\/web\/wp-json\/wp\/v2\/posts\/48105\/revisions"}],"wp:featuredmedia":[{"embeddable":true,"href":"https:\/\/www.radiopresidenteibanez.cl\/web\/wp-json\/wp\/v2\/media\/48106"}],"wp:attachment":[{"href":"https:\/\/www.radiopresidenteibanez.cl\/web\/wp-json\/wp\/v2\/media?parent=48105"}],"wp:term":[{"taxonomy":"category","embeddable":true,"href":"https:\/\/www.radiopresidenteibanez.cl\/web\/wp-json\/wp\/v2\/categories?post=48105"},{"taxonomy":"post_tag","embeddable":true,"href":"https:\/\/www.radiopresidenteibanez.cl\/web\/wp-json\/wp\/v2\/tags?post=48105"}],"curies":[{"name":"wp","href":"https:\/\/api.w.org\/{rel}","templated":true}]}}