{"id":4809,"date":"2019-06-05T20:26:49","date_gmt":"2019-06-05T20:26:49","guid":{"rendered":"http:\/\/www.radiopresidenteibanez.cl\/web\/?p=4809"},"modified":"2019-06-05T20:27:06","modified_gmt":"2019-06-05T20:27:06","slug":"estudiante-magallanica-viajara-a-disfrutar-del-eclipse-total-de-sol-gracias-a-concurso-mineduc","status":"publish","type":"post","link":"https:\/\/www.radiopresidenteibanez.cl\/web\/estudiante-magallanica-viajara-a-disfrutar-del-eclipse-total-de-sol-gracias-a-concurso-mineduc\/","title":{"rendered":"ESTUDIANTE MAGALL\u00c1NICA VIAJAR\u00c1 A DISFRUTAR DEL ECLIPSE TOTAL DE SOL GRACIAS A CONCURSO MINEDUC"},"content":{"rendered":"\n<p>El eclipse permitir\u00e1 que la luna pase entre la Tierra y el Sol, provocando un fen\u00f3meno que podr\u00e1 ser observado desde las regiones de Atacama y Coquimbo. El punto de oscuridad total se ver\u00e1 en la localidad de Domeyko hasta el balneario de Guanaqueros. En el resto del pa\u00eds, el fen\u00f3meno se podr\u00e1 observar de forma parcial. La totalidad del eclipse comenzar\u00e1 a las 16:38 de la tarde, hora chilena.<\/p>\n\n\n\n<p>A nivel nacional fueron cerca de 400 las postulaciones que llegaron desde todo el pa\u00eds, pero s\u00f3lo&nbsp;16 de ellos resultaron ganadores. Estos afortunados ganadores y ganadoras fueron dados a conocer tras un amplio trabajo del jurado que estuvo conformado por los tres Premios Nacionales de 2018 \u2013 Fabi\u00e1n Jaksic, Premio Nacional de Ciencias Naturales; Romilio Espejo, Premio Nacional de Ciencias Aplicadas y Tecnol\u00f3gicas y Sol Serrano, Premio Nacional de Historia\u2013.&nbsp; El premio les permitir\u00e1&nbsp;estar el pr\u00f3ximo 2 de julio en el observatorio La Silla junto al Presidente Sebasti\u00e1n Pi\u00f1era.<\/p>\n\n\n\n<p><br>\u201cEstamos felices de dar la oportunidad a 16 j\u00f3venes de todo Chile. Sabemos que ser\u00e1 una experiencia transformadora para ellos. Invitamos a todas las comunidades escolares a aprovechar de forma pedag\u00f3gica este evento cient\u00edfico\u201d, asegur\u00f3 el&nbsp;<strong>jefe de la Divisi\u00f3n de Educaci\u00f3n General, Raimundo Larra\u00edn.<\/strong><\/p>\n\n\n\n<p>Por su parte, la&nbsp;<strong>Seremi de Educaci\u00f3n de Magallanes Beatriz S\u00e1nchez Ca\u00f1ete,<\/strong>&nbsp;se mostr\u00f3 orgullosa de que una estudiante de Magallanes, como Amaya, pueda disfrutar de una experiencia \u00fanica como este eclipse. \u201cAmaya es una alumna brillante, de promedio 6,8, que se ha destacado no s\u00f3lo por sus excelentes notas sino adem\u00e1s por el trabajo que realiza en la Escuela Villa Las Nieves, destac\u00e1ndose en matem\u00e1ticas y siendo una estudiante dedicada al trabajo ambiental, el que desarrolla en su escuela desde muy peque\u00f1a. Vayan nuestras felicitaciones a Amaya y desde luego a sus padres y profesores gu\u00edas\u201d.<\/p>\n\n\n\n<p>A trav\u00e9s de un convenio de colaboraci\u00f3n con Conicyt y el European Southern Observatory (ESO), el Ministerio de Educaci\u00f3n invit\u00f3\u00a0a todos\/as los\/as estudiantes que cursaran desde 7\u00ba b\u00e1sico hasta 4\u00ba medio, pertenecientes a establecimientos con subvenci\u00f3n del Estado (municipales, particulares subvencionados y\/o que dependan de los servicios locales del pa\u00eds) a participar en el env\u00edo de una carta explicativa sobre el inter\u00e9s de cada joven con el mundo de las ciencias y la astronom\u00eda. Esta iniciativa tuvo como objetivo fomentar el inter\u00e9s por la ciencia en los y las j\u00f3venes de Chile.<\/p>\n\n\n\n<figure class=\"wp-block-image\"><img loading=\"lazy\" decoding=\"async\" width=\"800\" height=\"479\" src=\"https:\/\/www.radiopresidenteibanez.cl\/web\/wp-content\/uploads\/2019\/06\/amaya.jpg\" alt=\"\" class=\"wp-image-4810\" srcset=\"https:\/\/www.radiopresidenteibanez.cl\/web\/wp-content\/uploads\/2019\/06\/amaya.jpg 800w, https:\/\/www.radiopresidenteibanez.cl\/web\/wp-content\/uploads\/2019\/06\/amaya-300x180.jpg 300w, https:\/\/www.radiopresidenteibanez.cl\/web\/wp-content\/uploads\/2019\/06\/amaya-768x460.jpg 768w\" sizes=\"auto, (max-width: 800px) 100vw, 800px\" \/><\/figure>\n","protected":false},"excerpt":{"rendered":"<p>El eclipse permitir\u00e1 que la luna pase entre la Tierra y el Sol, provocando un fen\u00f3meno que podr\u00e1 ser observado desde las regiones de Atacama y Coquimbo. El punto de&#8230; <a class=\"read-more\" href=\"https:\/\/www.radiopresidenteibanez.cl\/web\/estudiante-magallanica-viajara-a-disfrutar-del-eclipse-total-de-sol-gracias-a-concurso-mineduc\/\">Leer m\u00e1s<\/a><\/p>\n","protected":false},"author":2,"featured_media":4810,"comment_status":"closed","ping_status":"closed","sticky":false,"template":"","format":"standard","meta":{"footnotes":""},"categories":[1],"tags":[],"class_list":["post-4809","post","type-post","status-publish","format-standard","has-post-thumbnail","hentry","category-cronica"],"_links":{"self":[{"href":"https:\/\/www.radiopresidenteibanez.cl\/web\/wp-json\/wp\/v2\/posts\/4809","targetHints":{"allow":["GET"]}}],"collection":[{"href":"https:\/\/www.radiopresidenteibanez.cl\/web\/wp-json\/wp\/v2\/posts"}],"about":[{"href":"https:\/\/www.radiopresidenteibanez.cl\/web\/wp-json\/wp\/v2\/types\/post"}],"author":[{"embeddable":true,"href":"https:\/\/www.radiopresidenteibanez.cl\/web\/wp-json\/wp\/v2\/users\/2"}],"replies":[{"embeddable":true,"href":"https:\/\/www.radiopresidenteibanez.cl\/web\/wp-json\/wp\/v2\/comments?post=4809"}],"version-history":[{"count":0,"href":"https:\/\/www.radiopresidenteibanez.cl\/web\/wp-json\/wp\/v2\/posts\/4809\/revisions"}],"wp:featuredmedia":[{"embeddable":true,"href":"https:\/\/www.radiopresidenteibanez.cl\/web\/wp-json\/wp\/v2\/media\/4810"}],"wp:attachment":[{"href":"https:\/\/www.radiopresidenteibanez.cl\/web\/wp-json\/wp\/v2\/media?parent=4809"}],"wp:term":[{"taxonomy":"category","embeddable":true,"href":"https:\/\/www.radiopresidenteibanez.cl\/web\/wp-json\/wp\/v2\/categories?post=4809"},{"taxonomy":"post_tag","embeddable":true,"href":"https:\/\/www.radiopresidenteibanez.cl\/web\/wp-json\/wp\/v2\/tags?post=4809"}],"curies":[{"name":"wp","href":"https:\/\/api.w.org\/{rel}","templated":true}]}}