{"id":48080,"date":"2024-04-30T14:33:00","date_gmt":"2024-04-30T17:33:00","guid":{"rendered":"https:\/\/www.radiopresidenteibanez.cl\/web\/?p=48080"},"modified":"2024-04-30T10:41:35","modified_gmt":"2024-04-30T13:41:35","slug":"se-vivio-la-septima-version-de-la-carrera-epica-otonal-patagonia-camp-cup","status":"publish","type":"post","link":"https:\/\/www.radiopresidenteibanez.cl\/web\/se-vivio-la-septima-version-de-la-carrera-epica-otonal-patagonia-camp-cup\/","title":{"rendered":"SE VIVIO LA SEPTIMA VERSION DE LA CARRERA EPICA OTO\u00d1AL PATAGONIA CAMP CUP"},"content":{"rendered":"\n<p>Este fin de semana se desarroll\u00f3 la s\u00e9ptima edici\u00f3n de la<br>Patagonia Camp Cup, Trail Running &amp; Party, una experiencia \u00e9pica para los participantes,<br>desafiando a los corredores en un entorno natural imponente y muy exigente.<br>&nbsp;<br>El punto de partida fue el hotel Patagonia Camp, marcando as\u00ed el inicio de una jornada<br>llena de emociones y retos, en el que los participantes enfrentaron senderos resbaladizos,<br>terrenos irregulares y pendientes pronunciadas, mientras el viento y la lluvia a\u00f1ad\u00edan un<br>nivel adicional de dificultad a la carrera.<br>A pesar de estas condiciones, los corredores mostraron una notable resistencia y un gran<br>esp\u00edritu deportivo, superando cada obst\u00e1culo con determinaci\u00f3n, valent\u00eda y camarader\u00eda.<br>&nbsp;<br>Mariana Ram\u00edrez, gerente de Patagonia Camp destac\u00f3 que \u201cla Patagonia Chilena es<br>reconocida por su paisaje espectacular, y este fue un escenario desafiante pero<br>impresionante para la competencia. Los corredores fueron recibidos por bosques nativos<br>de lengas y coig\u00fces con colores oto\u00f1ales, las majestuosas monta\u00f1as nevadas y lagos<br>cristalino. A pesar de las condiciones clim\u00e1ticas adversas, la belleza natural de la regi\u00f3n<br>nunca dej\u00f3 de sorprender a los valientes participantes de esta versi\u00f3n\u201d.<br>Asimismo, la gerente agradeci\u00f3 al quienes hicieron posible esta nueva versi\u00f3n del evento.<br>\u201cla actividad no hubiera sido posible sin voluntarios y colaboradores del hotel. Su<br>contribuci\u00f3n fue fundamental para el \u00e9xito de la s\u00e9ptima edici\u00f3n de la carrera que cont\u00f3<br>con el respaldo de marcas como Patagonia, Kar\u00fan, Wild Lama, Wild Foods, Brebajer\u00eda<br>Baguales Patagonia, KR Leathers, Patagonia Blend y Venture Patagonia, cuyo auspicio<br>ayud\u00f3 a crear un ambiente \u00fanico para todos los participantes\u201d.<br>&nbsp;<br>Despu\u00e9s de cruzar la l\u00ednea de meta, los corredores fueron recibidos con aplausos,<br>cerrando una jornada inolvidable con la fiesta de premiaci\u00f3n, evento que cont\u00f3 con la<br>presencia del destacado grupo de m\u00fasica folcl\u00f3rica de Puerto Natales, Coir\u00f3n, donde<br>participantes y acompa\u00f1antes disfrutaron de una exquisita cena buffet, preparada por el<br>hotel.<br>Quienes quieran participar de las pr\u00f3ximas ediciones del Patagonia Camp Cup, pueden<br>encontrar m\u00e1s informaci\u00f3n en su cuenta de Instagram @patagoniacamp.cup.<br>&nbsp;<br>Ganadores Patagonia Camp Cup<br>&nbsp;<br>15K Mujeres:<\/p>\n\n\n\n<ul class=\"wp-block-list\">\n<li>1er Lugar: Mar\u00eda Paz Calabrano &#8211; 1:52:27<\/li>\n\n\n\n<li>2do Lugar: Fernanda Ya\u00f1ez &#8211; 1:57:24<\/li>\n\n\n\n<li>3er Lugar: Ana Dur\u00e1n \u00c1lvarez &#8211; 2:06:23<br>\u00a0<br>15K Hombres:<\/li>\n\n\n\n<li>1er Lugar: Manuel Ampuero &#8211; 1:24:02<\/li>\n\n\n\n<li>2do Lugar: Dar\u00edo Ulloa &#8211; 1:25:49<\/li>\n\n\n\n<li>3er Lugar: Carlos Vergara &#8211; 1:31:31<br>\u00a0<br>21K Mujeres:<\/li>\n\n\n\n<li>1er Lugar: Javiera Vidal &#8211; 2:37:05<\/li>\n\n\n\n<li>2do Lugar: Vilma Sophia Hansson &#8211; 2:45:21<\/li>\n\n\n\n<li>3er Lugar: Romina Corzo &#8211; 3:03:30<br>\u00a0<br>21K Hombres:<\/li>\n\n\n\n<li>1er Lugar: Claudio Tobar &#8211; 2:01:43<\/li>\n\n\n\n<li>2do Lugar: Sebasti\u00e1n C\u00e1rcamo &#8211; 2:06:18<\/li>\n\n\n\n<li>3er Lugar: Sebasti\u00e1n Adriazola &#8211; 2:17:54<br>\u00a0<br>42K Mujeres:<\/li>\n\n\n\n<li>1er Lugar: Claire Beebe &#8211; 5:12:34<\/li>\n\n\n\n<li>2do Lugar: Carolina Wilson &#8211; 5:39:35<\/li>\n\n\n\n<li>3er Lugar: Cindy Ram\u00edrez &#8211; 6:02:33<br>\u00a0<br>42K Hombres:<\/li>\n\n\n\n<li>1er Lugar: Jaime Navarro &#8211; 4:28:40<\/li>\n\n\n\n<li>2do Lugar: Nelson Galindo &#8211; 4:29:28<\/li>\n\n\n\n<li>3er Lugar: Harry Robinson &#8211; 4:45:34<\/li>\n<\/ul>\n\n\n\n<p>FOTOS RODOLFO SOTO<\/p>\n","protected":false},"excerpt":{"rendered":"<p>Este fin de semana se desarroll\u00f3 la s\u00e9ptima edici\u00f3n de laPatagonia Camp Cup, Trail Running &amp; Party, una experiencia \u00e9pica para los participantes,desafiando a los corredores en un entorno natural&#8230; <a class=\"read-more\" href=\"https:\/\/www.radiopresidenteibanez.cl\/web\/se-vivio-la-septima-version-de-la-carrera-epica-otonal-patagonia-camp-cup\/\">Leer m\u00e1s<\/a><\/p>\n","protected":false},"author":2,"featured_media":48081,"comment_status":"closed","ping_status":"closed","sticky":false,"template":"","format":"standard","meta":{"footnotes":""},"categories":[1],"tags":[],"class_list":["post-48080","post","type-post","status-publish","format-standard","has-post-thumbnail","hentry","category-cronica"],"_links":{"self":[{"href":"https:\/\/www.radiopresidenteibanez.cl\/web\/wp-json\/wp\/v2\/posts\/48080","targetHints":{"allow":["GET"]}}],"collection":[{"href":"https:\/\/www.radiopresidenteibanez.cl\/web\/wp-json\/wp\/v2\/posts"}],"about":[{"href":"https:\/\/www.radiopresidenteibanez.cl\/web\/wp-json\/wp\/v2\/types\/post"}],"author":[{"embeddable":true,"href":"https:\/\/www.radiopresidenteibanez.cl\/web\/wp-json\/wp\/v2\/users\/2"}],"replies":[{"embeddable":true,"href":"https:\/\/www.radiopresidenteibanez.cl\/web\/wp-json\/wp\/v2\/comments?post=48080"}],"version-history":[{"count":0,"href":"https:\/\/www.radiopresidenteibanez.cl\/web\/wp-json\/wp\/v2\/posts\/48080\/revisions"}],"wp:featuredmedia":[{"embeddable":true,"href":"https:\/\/www.radiopresidenteibanez.cl\/web\/wp-json\/wp\/v2\/media\/48081"}],"wp:attachment":[{"href":"https:\/\/www.radiopresidenteibanez.cl\/web\/wp-json\/wp\/v2\/media?parent=48080"}],"wp:term":[{"taxonomy":"category","embeddable":true,"href":"https:\/\/www.radiopresidenteibanez.cl\/web\/wp-json\/wp\/v2\/categories?post=48080"},{"taxonomy":"post_tag","embeddable":true,"href":"https:\/\/www.radiopresidenteibanez.cl\/web\/wp-json\/wp\/v2\/tags?post=48080"}],"curies":[{"name":"wp","href":"https:\/\/api.w.org\/{rel}","templated":true}]}}