{"id":48077,"date":"2024-04-30T12:55:00","date_gmt":"2024-04-30T15:55:00","guid":{"rendered":"https:\/\/www.radiopresidenteibanez.cl\/web\/?p=48077"},"modified":"2024-04-30T10:32:46","modified_gmt":"2024-04-30T13:32:46","slug":"semana-biocultural-una-iniciativa-que-reune-ciencia-y-cultura-en-magallanes","status":"publish","type":"post","link":"https:\/\/www.radiopresidenteibanez.cl\/web\/semana-biocultural-una-iniciativa-que-reune-ciencia-y-cultura-en-magallanes\/","title":{"rendered":"SEMANA BIOCULTURAL: UNA INICIATIVA QUE REUNE CIENCIA Y CULTURA EN MAGALLANES"},"content":{"rendered":"\n<p>Con gran entusiasmo se dio inicio, recientemente, en Porvenir a la Semana Biocultural, donde la comunidad educativa de la escuela Bernardo O Higgins pudo compartir el taller \u201cUn loco viaje en el tiempo: conociendo dinosaurios de diversos lugares de la Patagonia\u201d. La actividad fue dirigida por la paleont\u00f3loga porvenire\u00f1a de la Universidad de Magallanes, Dra. Judith Pardo P\u00e9rez junto al equipo Co-lab.<\/p>\n\n\n\n<p>Con el taller se busc\u00f3 crear lazos entre el conocimiento paleontol\u00f3gico y los estudiantes, a trav\u00e9s de una actividad pr\u00e1ctica en donde los ni\u00f1os y ni\u00f1as confeccionaron variados sombreros de ictiosaurios que luego sirvieron de disfraz para la creaci\u00f3n de una historia de teatro colectiva sobre estos animales extintos. Los participantes tambi\u00e9n pudieron conocer c\u00f3mo ocurri\u00f3 la expedici\u00f3n cient\u00edfica que logr\u00f3 extraer desde el borde del glaciar Tyndall el primer ictiosaurio (completo en sus partes) hallado en Chile.<\/p>\n\n\n\n<p>La especialista invitada por el instrumento Co-lab, adem\u00e1s regal\u00f3 su reciente libro para ni\u00f1as y ni\u00f1os \u201cNina y Diplo\u201d. Judith Pardo valor\u00f3 el arranque de la Semana Biocultural se\u00f1alando que \u201cesto viene tambi\u00e9n de la mano para celebrar el mes del libro, por lo que hicimos entrega de un libro que yo escrib\u00ed de paleontolog\u00eda, entonces quisimos unir esos dos eventos para traer un taller a los ni\u00f1os y las ni\u00f1as de esta escuela\u201d.<\/p>\n\n\n\n<p>Agreg\u00f3 que \u201clos ni\u00f1os recibieron esta actividad con mucha alegr\u00eda, ellos son j\u00f3venes muy curiosos tienen muchas preguntas pero tambi\u00e9n saben mucho y se nota porque muchos de los conceptos que yo entregu\u00e9 ellos ya los sab\u00edan, pero tambi\u00e9n se siente una necesidad que quieren aprender m\u00e1s\u201d.<\/p>\n\n\n\n<p><strong>Puerto Natales<\/strong><\/p>\n\n\n\n<p>Las actividades del Co-lab tambi\u00e9n se hicieron presentes en Puerto Natales.&nbsp; El viernes 26 de abril a las 14 horas se realiz\u00f3 el \u201ctaller de carpinter\u00eda de ribera\u201d dirigido por el cultor V\u00edctor Vargas en el embarcadero de pescadores artesanales, el cual busc\u00f3 dar a conocer, entre los asistentes, c\u00f3mo las tradiciones y saberes sobre la navegaci\u00f3n en la zona se han transmitido de generaci\u00f3n en generaci\u00f3n, conformando un patrimonio en el que la naturaleza de la zona est\u00e1 muy presente.<\/p>\n\n\n\n<p>Posteriormente a las 18.30 horas en el hotel Costa Australis se llev\u00f3 a cabo un Conversatorio Biocultural, denominado \u201cLa organizaci\u00f3n local, una v\u00eda de desarrollo para el enfoque biocultural\u201d. En \u00e9l, participaron Katherine Hormaz\u00e1bal, especialista en metodolog\u00eda social de proyectos; Ruth Simeone, encargada Regional de Patrimonio Cultural Inmaterial de la Direcci\u00f3n Regional del Servicio del Patrimonio Cultural y; Gabriela Gonz\u00e1lez, gestora cultural y representante de uno de los proyectos financiados por el instrumento Co-lab Patrimonios Bioculturales de la Vicerrector\u00eda de Vinculaci\u00f3n con el Medio de la UMAG.<\/p>\n\n\n\n<p>El s\u00e1bado 27 de abril, a las 10.30 horas, en tanto, tuvo lugar el \u201ctaller de elaboraci\u00f3n y uso de compost\u201d. El taller a cargo de Compost Coir\u00f3n invit\u00f3 a los participantes a conocer diversas reflexiones ecol\u00f3gicas y pr\u00e1cticas en torno a la utilizaci\u00f3n del compost. La instancia se desarroll\u00f3 en cercan\u00edas de Puerto Natales.<\/p>\n\n\n\n<p><strong>Feria Co-labs: un campamento cient\u00edfico en el Instituto de la Patagonia<\/strong><\/p>\n\n\n\n<p>En los jardines del Instituto de la Patagonia, entre el 9 de mayo y el s\u00e1bado 11 de mayo, se instalar\u00e1n, a modo de campamento cient\u00edfico, cuatro domos donde se llevar\u00e1 a cabo una in\u00e9dita feria biocultural, gratuita para la ciudadan\u00eda.<\/p>\n\n\n\n<p>El d\u00eda de la inauguraci\u00f3n, se presentar\u00e1n los stands de los proyectos ganadores del concurso del Co-lab que ser\u00e1n la principal escenograf\u00eda de la feria estos d\u00edas. Habr\u00e1 presentaciones de libros (entre ellos de la destacada escritora francesa B\u00e9reng\u00e8re Cournut), Conversatorios Bioculturales sobre la transici\u00f3n energ\u00e9tica, y presentaciones musicales como la del d\u00fao Lluvia \u00c1cida.<\/p>\n\n\n\n<p>Para la segunda jornada se contar\u00e1 con el taller de formaci\u00f3n \u201cAike game\u201d dirigido por el profesor Iv\u00e1n Pe\u00f1a, integrante de la Agrupaci\u00f3n ALEALUDO. Esta actividad, inspirada en las cr\u00f3nicas de George Chaworth Musters y Esteban Lucas Bridges, propone mostrar c\u00f3mo los juegos tambi\u00e9n son creadores de formas patrimoniales. A continuaci\u00f3n se presentar\u00e1 el libro \u201cHistorias de mujeres magall\u00e1nicas, biograf\u00edas con mirada feminista\u201d, texto que es el resultado de un trabajo colaborativo financiado por el instrumento Co-lab Patrimonios Bioculturales.<\/p>\n\n\n\n<p>Para finalizar el d\u00eda se desarrollar\u00e1 el Conversatorio Biocultural: \u201cGeograf\u00edas comparadas de los extremos: el caso de Amazon\u00eda y la zona austral\u201d, instancia que abordar\u00e1 el tema de las percepciones espaciales e identitarias en espacios \u201cextremos\u201d, a trav\u00e9s de una perspectiva comparada entre el Amazonas y la zona austral de Chile. En ella, participar\u00e1n profesores invitados de Brasil (Universidad Federal do Rio de Janeiro).<\/p>\n\n\n\n<p>La \u00faltima jornada se realizar\u00e1 en dos lugares. Primeramente, entre las 10 horas y las 12:30, en el Instituto de la Patagonia, donde se realizar\u00e1 el taller \u201c\u00bfQu\u00e9 y c\u00f3mo comunicar el patrimonio biocultural del delf\u00edn austral?\u201d, encuentro en el que se dise\u00f1ar\u00e1 un material did\u00e1ctico para la implementaci\u00f3n de una ruta patrimonial natural en torno al delf\u00edn austral. Luego los presentes ser\u00e1n invitados a hacer una visita patrimonial por el Museo del Recuerdo, en el mismo sitio.<\/p>\n\n\n\n<p>Por la tarde y para dar cierre a la Semana Biocultural 2024 se desarrollar\u00e1 una jornada l\u00fadica denominada \u201cJuegos del Mundo\u201d en el Museo de Historia Natural de R\u00edo Seco.<\/p>\n\n\n\n<p>La semana Biocultural es una iniciativa creada por el Co-lab Patrimonios Bioculturales que es un proyecto financiado por el Ministerio de Educaci\u00f3n y forma parte de la Vicerrector\u00eda de Vinculaci\u00f3n con el Medio de la Universidad de Magallanes.<\/p>\n\n\n\n<p>Para mayores informaciones los interesados podr\u00e1n hacer sus inscripciones y dirigir sus consultas al correo&nbsp;<a href=\"mailto:patrimonios.culturales@umag.cl\" target=\"_blank\" rel=\"noreferrer noopener\">patrimonios.culturales@umag.cl<\/a>&nbsp;y en el instagram @patrimonios.bioculturales<\/p>\n","protected":false},"excerpt":{"rendered":"<p>Con gran entusiasmo se dio inicio, recientemente, en Porvenir a la Semana Biocultural, donde la comunidad educativa de la escuela Bernardo O Higgins pudo compartir el taller \u201cUn loco viaje&#8230; <a class=\"read-more\" href=\"https:\/\/www.radiopresidenteibanez.cl\/web\/semana-biocultural-una-iniciativa-que-reune-ciencia-y-cultura-en-magallanes\/\">Leer m\u00e1s<\/a><\/p>\n","protected":false},"author":2,"featured_media":48078,"comment_status":"closed","ping_status":"closed","sticky":false,"template":"","format":"standard","meta":{"footnotes":""},"categories":[1],"tags":[],"class_list":["post-48077","post","type-post","status-publish","format-standard","has-post-thumbnail","hentry","category-cronica"],"_links":{"self":[{"href":"https:\/\/www.radiopresidenteibanez.cl\/web\/wp-json\/wp\/v2\/posts\/48077","targetHints":{"allow":["GET"]}}],"collection":[{"href":"https:\/\/www.radiopresidenteibanez.cl\/web\/wp-json\/wp\/v2\/posts"}],"about":[{"href":"https:\/\/www.radiopresidenteibanez.cl\/web\/wp-json\/wp\/v2\/types\/post"}],"author":[{"embeddable":true,"href":"https:\/\/www.radiopresidenteibanez.cl\/web\/wp-json\/wp\/v2\/users\/2"}],"replies":[{"embeddable":true,"href":"https:\/\/www.radiopresidenteibanez.cl\/web\/wp-json\/wp\/v2\/comments?post=48077"}],"version-history":[{"count":0,"href":"https:\/\/www.radiopresidenteibanez.cl\/web\/wp-json\/wp\/v2\/posts\/48077\/revisions"}],"wp:featuredmedia":[{"embeddable":true,"href":"https:\/\/www.radiopresidenteibanez.cl\/web\/wp-json\/wp\/v2\/media\/48078"}],"wp:attachment":[{"href":"https:\/\/www.radiopresidenteibanez.cl\/web\/wp-json\/wp\/v2\/media?parent=48077"}],"wp:term":[{"taxonomy":"category","embeddable":true,"href":"https:\/\/www.radiopresidenteibanez.cl\/web\/wp-json\/wp\/v2\/categories?post=48077"},{"taxonomy":"post_tag","embeddable":true,"href":"https:\/\/www.radiopresidenteibanez.cl\/web\/wp-json\/wp\/v2\/tags?post=48077"}],"curies":[{"name":"wp","href":"https:\/\/api.w.org\/{rel}","templated":true}]}}