{"id":48074,"date":"2024-04-30T11:47:00","date_gmt":"2024-04-30T14:47:00","guid":{"rendered":"https:\/\/www.radiopresidenteibanez.cl\/web\/?p=48074"},"modified":"2024-04-30T10:07:06","modified_gmt":"2024-04-30T13:07:06","slug":"desde-la-ciudad-mas-austral-del-pais-autoridades-gubernamentales-y-municipales-de-pto-willams-se-comprometen-a-difundir-la-linea-de-prevencion-del-suicidio4141","status":"publish","type":"post","link":"https:\/\/www.radiopresidenteibanez.cl\/web\/desde-la-ciudad-mas-austral-del-pais-autoridades-gubernamentales-y-municipales-de-pto-willams-se-comprometen-a-difundir-la-linea-de-prevencion-del-suicidio4141\/","title":{"rendered":"DESDE LA CIUDAD MAS AUSTRAL DEL PA\u00cdS, AUTORIDADES GUBERNAMENTALES Y MUNICIPALES DE PTO. WILLAMS SE COMPROMETEN A DIFUNDIR LA L\u00cdNEA DE PREVENCI\u00d3N DEL SUICIDIO*4141"},"content":{"rendered":"\n<p>En un nevado d\u00eda de abril y desde la ciudad m\u00e1s austral del pa\u00eds, Puerto Williams, las autoridades<br>gubernamentales y municipales se sumaron al compromiso de difundir la l\u00ednea de prevenci\u00f3n del<br>suicidio&nbsp;*4141&nbsp;\u201cNo Estas Solo, No Estas Sola\u201d, con la instalaci\u00f3n de una placa informativa en<br>dependencias de la&nbsp;Delegaci\u00f3n Presidencial Provincial de Ant\u00e1rtica Chilena.<br>La actividad cont\u00f3 con la presencia de la Delegada Provincial, Mar\u00eda Luisa Mu\u00f1oz, el Alcalde<br>Patricio Fern\u00e1ndez, representantes de la Armada, Carabineros, PDI, personal del&nbsp;Hospital<br>Comunitario Cristina Calder\u00f3n, los referentes del Servicio de Salud Magallanes&nbsp;y de la Seremi, el<br>Jefe de nuestra Oficina Provincial, Carlos Mart\u00edn y la encargada de Salud P\u00fablica, Romina Del Real<br>junto a la sociedad civil a trav\u00e9s de la Fundaci\u00f3n Inclusiva Te Apoyo.<br>La Delegada Presidencial de Ant\u00e1rtica Chilena, Mar\u00eda Luisa Mu\u00f1oz, explic\u00f3 que \u201cpara nosotros es<br>sumamente importante poder contar con esta placa en nuestras dependencias, con lo que<br>reforzamos esta l\u00ednea telef\u00f3nica de prevenci\u00f3n del suicidio, que es un n\u00famero donde se va a<br>apoyar y contener, donde va a ser atendido por profesionales capacitados, resaltando el<br>compromiso de Gobierno a trav\u00e9s de la estrategia construyendo salud mental\u201d<br>Acot\u00f3 que \u201cEstamos muy contentos con que haya sido la delegaci\u00f3n que cuente con este hito, y<br>tambi\u00e9n la actividad est\u00e1 relacionada con ello, que podamos tener un n\u00famero de confianza en<br>donde la gente pueda tener un apoyo y contenci\u00f3n, y evitemos tambi\u00e9n lo que significa esto, esta<br>problem\u00e1tica de salud mental, en donde obviamente termina en suicidio. As\u00ed que es una instancia<br>de seguir reforzando para poder ofrecer ayuda oportuna a quienes padecen problema de salud\u201d.<br>De esta forma, se fortalece la difusi\u00f3n de esta herramienta destinada a las personas que est\u00e1n<br>enfrentando una emergencia o crisis de salud mental asociada al suicidio, las que podr\u00e1n<br>contactarse con un psic\u00f3logo especialmente capacitado que los escuchar\u00e1 y ayudar\u00e1.<br>En tanto, el Alcalde de Puerto Williams, Patricio Fern\u00e1ndez, indic\u00f3 que \u201ces muy importante para<br>nosotros contar con este servicio *4141. \u201cNos viene a dar un apoyo, un aliciente, no estamos<br>solos, no est\u00e1 sola, es lo que hay que decir y darle la seguridad a la comunidad de que este<br>n\u00famero funciona. La invitaci\u00f3n es a promocionar este n\u00famero y acompa\u00f1ar. Si sientes que alguien<br>lo necesita, comparte el *4141. Nosotros desde el \u00e1rea municipal siempre vamos a estar apoyando<br>la gesti\u00f3n del hospital, del Servicio y Seremi de Salud y estamos trabajando ya con una l\u00ednea joven,<br>adulto mayor, y para lo que requiera la comunidad. Vamos a estar siempre de la mano con ellos\u201d.<\/p>\n\n\n\n<p>La encarga de salud mental de la Seremi, Maribel Bustos, indic\u00f3 que \u201ceste hito tiene gran<br>importancia por tratarse de uno de los lugares m\u00e1s australes del pa\u00eds, por lo tanto, as\u00ed estamos<br>llegando a la ciudad m\u00e1s extrema para hacer difusi\u00f3n de esta l\u00ednea especializada que fue creada<br>por el Ministerio de Salud, para atender emergencias o crisis de salud mental asociadas a ideaci\u00f3n<br>o intentos de suicidio, de los distintos lugares y de las distintas edades puedan llamar en caso de<br>riesgo suicida, de alg\u00fan pensamiento o necesidad, por lo tanto, es una opci\u00f3n telef\u00f3nica que es<br>gratuita y est\u00e1 abierta a la comunidad las 24 horas del d\u00eda, que es atendida por profesionales<br>psic\u00f3logos y psic\u00f3logas que tienen toda la formaci\u00f3n y la experiencia para poder atender estas<br>situaciones y dar respuesta, no solo en lo que es contenci\u00f3n, sino que tambi\u00e9n en levantar las<br>alertas en caso de ser necesario\u201d.<br>Agreg\u00f3, la profesional, que est\u00e1 comprobado que llamar a estas l\u00edneas de atenci\u00f3n ayuda a<br>disminuir la intensidad de emociones como angustia, e incluso ideaciones suicidas. Adem\u00e1s de<br>brindar una primera respuesta a la crisis emocional.<\/p>\n","protected":false},"excerpt":{"rendered":"<p>En un nevado d\u00eda de abril y desde la ciudad m\u00e1s austral del pa\u00eds, Puerto Williams, las autoridadesgubernamentales y municipales se sumaron al compromiso de difundir la l\u00ednea de prevenci\u00f3n&#8230; <a class=\"read-more\" href=\"https:\/\/www.radiopresidenteibanez.cl\/web\/desde-la-ciudad-mas-austral-del-pais-autoridades-gubernamentales-y-municipales-de-pto-willams-se-comprometen-a-difundir-la-linea-de-prevencion-del-suicidio4141\/\">Leer m\u00e1s<\/a><\/p>\n","protected":false},"author":2,"featured_media":48075,"comment_status":"closed","ping_status":"closed","sticky":false,"template":"","format":"standard","meta":{"footnotes":""},"categories":[1],"tags":[],"class_list":["post-48074","post","type-post","status-publish","format-standard","has-post-thumbnail","hentry","category-cronica"],"_links":{"self":[{"href":"https:\/\/www.radiopresidenteibanez.cl\/web\/wp-json\/wp\/v2\/posts\/48074","targetHints":{"allow":["GET"]}}],"collection":[{"href":"https:\/\/www.radiopresidenteibanez.cl\/web\/wp-json\/wp\/v2\/posts"}],"about":[{"href":"https:\/\/www.radiopresidenteibanez.cl\/web\/wp-json\/wp\/v2\/types\/post"}],"author":[{"embeddable":true,"href":"https:\/\/www.radiopresidenteibanez.cl\/web\/wp-json\/wp\/v2\/users\/2"}],"replies":[{"embeddable":true,"href":"https:\/\/www.radiopresidenteibanez.cl\/web\/wp-json\/wp\/v2\/comments?post=48074"}],"version-history":[{"count":0,"href":"https:\/\/www.radiopresidenteibanez.cl\/web\/wp-json\/wp\/v2\/posts\/48074\/revisions"}],"wp:featuredmedia":[{"embeddable":true,"href":"https:\/\/www.radiopresidenteibanez.cl\/web\/wp-json\/wp\/v2\/media\/48075"}],"wp:attachment":[{"href":"https:\/\/www.radiopresidenteibanez.cl\/web\/wp-json\/wp\/v2\/media?parent=48074"}],"wp:term":[{"taxonomy":"category","embeddable":true,"href":"https:\/\/www.radiopresidenteibanez.cl\/web\/wp-json\/wp\/v2\/categories?post=48074"},{"taxonomy":"post_tag","embeddable":true,"href":"https:\/\/www.radiopresidenteibanez.cl\/web\/wp-json\/wp\/v2\/tags?post=48074"}],"curies":[{"name":"wp","href":"https:\/\/api.w.org\/{rel}","templated":true}]}}