{"id":48064,"date":"2024-04-30T08:19:35","date_gmt":"2024-04-30T11:19:35","guid":{"rendered":"https:\/\/www.radiopresidenteibanez.cl\/web\/?p=48064"},"modified":"2024-04-30T08:19:35","modified_gmt":"2024-04-30T11:19:35","slug":"ministra-de-bienes-nacionales-entrega-concesiones-y-transferencia-a-comunidades-kawesqar","status":"publish","type":"post","link":"https:\/\/www.radiopresidenteibanez.cl\/web\/ministra-de-bienes-nacionales-entrega-concesiones-y-transferencia-a-comunidades-kawesqar\/","title":{"rendered":"MINISTRA DE BIENES NACIONALES ENTREGA CONCESIONES Y TRANSFERENCIA A COMUNIDADES KAWESQAR"},"content":{"rendered":"\n<p>La ministra de Bienes Nacionales, Marcela Sandoval, entreg\u00f3 este lunes dos<br>concesiones de uso gratuito por cinco a\u00f1os a las comunidades kaw\u00e9sqar \u201cCazadores<br>Australes\u201d y \u201cGabriel &amp; Valdez\u201d, que se suman a las tres concesiones de uso gratuito<br>entregadas en el \u00e1rea de San Juan bajo mandato del Presidente de la Rep\u00fablica,<br>Gabriel Boric, las cuales suman 24 hect\u00e1reas en total.<br>Asimismo, la secretaria de Estado encabez\u00f3 una ceremonia de trasferencia de 1,32<br>hect\u00e1reas para la comunidad \u201cAnc\u00f3n Sin Salida\u201d, con el fin de que ellos hagan la<br>difusi\u00f3n de la cultura Kaw\u00e9sqar, educaci\u00f3n etno cultural y desarrollo de<br>infraestructura.<br>\u201cEstuvimos en el sector San Juan, en la regi\u00f3n de Magallanes, donde me reun\u00ed con<br>dos comunidades kaw\u00e9sqar a quienes les entregamos concesiones de terrenos para<br>que puedan poner en valor su cultura y transmitir todo su patrimonio a las nuevas<br>generaciones\u201d, destac\u00f3 la titular de la cartera.<br>En el caso de la comunidad \u201cCazadores Patag\u00f3nicos\u201d se trata de una concesi\u00f3n para<br>un terreno fiscal de cuatro hect\u00e1reas en el \u00e1rea de San Juan, comuna de Punta<br>Arenas; en tanto, para la comunidad \u201cGabriel &amp; Valdez\u201d se trata de un terreno fiscal<br>de 2,6 hect\u00e1reas en el \u00e1rea de San Juan, comuna de Punta Arenas.<br>\u201cHa sido una espera de muchos a\u00f1os. Para la comunidad esta entrega es muy buena<br>ya que podremos hacer un rescate cultural. Gracias por este d\u00eda, fue muy<br>simb\u00f3lico\u201d, indic\u00f3 Miguel Mu\u00f1oz, presidente de la comunidad \u201cCazadores<br>Patag\u00f3nicos\u201d.<\/p>\n\n\n\n<p>\u201cMe parece muy bien, por cuanto hemos vivido desde hace mucho tiempo en el<br>campo, la mayor parte de las familias. Estamos agradecidos por este terreno<br>porque en este lugar podremos hacer cosas que no se pueden hacer en la ciudad\u201d,<br>afirm\u00f3 Manuel Fern\u00e1ndez, vicepresidente de la comunidad \u201cGabriel &amp; Valdez\u201d.<br>\u201cLa entrega de estas concesiones representa un esfuerzo por parte del Estado por<br>reconocer el valor de las comunidades ind\u00edgenas en la preservaci\u00f3n del<br>conocimiento ancestral, su cosmovisi\u00f3n y formas de vida, as\u00ed como tambi\u00e9n el<br>resguardo de los ecosistemas australes, que no solo tienen un valor para las mismas<br>comunidades, sino tambi\u00e9n para el futuro de nuestra regi\u00f3n\u201d, recalc\u00f3 el Consejero<br>Regional, Pablo Cifuentes.<br>\u201cLas dos primeras -Cazadores Patag\u00f3nicos y Gabriel &amp; Valdez- se dedican a<br>difundir la cultura ancestral y generar espacios para la conversaci\u00f3n del junquillo<br>materia prima fundamental para la cester\u00eda y la tercera agrupaci\u00f3n -Anc\u00f3n Sin<br>Salida- se dedica a hacer talleres para rescatar la cultura Kaw\u00e9skar y tambi\u00e9n al<br>turismo con senderismo y navegaci\u00f3n al Faro San Isidro y cuenta con unas amplias<br>instalaciones que beneficiar\u00e1n a toda la comunidad\u201d, complement\u00f3 el tambi\u00e9n<br>CORE, Antonio Bradasic.<\/p>\n","protected":false},"excerpt":{"rendered":"<p>La ministra de Bienes Nacionales, Marcela Sandoval, entreg\u00f3 este lunes dosconcesiones de uso gratuito por cinco a\u00f1os a las comunidades kaw\u00e9sqar \u201cCazadoresAustrales\u201d y \u201cGabriel &amp; Valdez\u201d, que se suman a&#8230; <a class=\"read-more\" href=\"https:\/\/www.radiopresidenteibanez.cl\/web\/ministra-de-bienes-nacionales-entrega-concesiones-y-transferencia-a-comunidades-kawesqar\/\">Leer m\u00e1s<\/a><\/p>\n","protected":false},"author":2,"featured_media":48065,"comment_status":"closed","ping_status":"closed","sticky":false,"template":"","format":"standard","meta":{"footnotes":""},"categories":[1],"tags":[],"class_list":["post-48064","post","type-post","status-publish","format-standard","has-post-thumbnail","hentry","category-cronica"],"_links":{"self":[{"href":"https:\/\/www.radiopresidenteibanez.cl\/web\/wp-json\/wp\/v2\/posts\/48064","targetHints":{"allow":["GET"]}}],"collection":[{"href":"https:\/\/www.radiopresidenteibanez.cl\/web\/wp-json\/wp\/v2\/posts"}],"about":[{"href":"https:\/\/www.radiopresidenteibanez.cl\/web\/wp-json\/wp\/v2\/types\/post"}],"author":[{"embeddable":true,"href":"https:\/\/www.radiopresidenteibanez.cl\/web\/wp-json\/wp\/v2\/users\/2"}],"replies":[{"embeddable":true,"href":"https:\/\/www.radiopresidenteibanez.cl\/web\/wp-json\/wp\/v2\/comments?post=48064"}],"version-history":[{"count":0,"href":"https:\/\/www.radiopresidenteibanez.cl\/web\/wp-json\/wp\/v2\/posts\/48064\/revisions"}],"wp:featuredmedia":[{"embeddable":true,"href":"https:\/\/www.radiopresidenteibanez.cl\/web\/wp-json\/wp\/v2\/media\/48065"}],"wp:attachment":[{"href":"https:\/\/www.radiopresidenteibanez.cl\/web\/wp-json\/wp\/v2\/media?parent=48064"}],"wp:term":[{"taxonomy":"category","embeddable":true,"href":"https:\/\/www.radiopresidenteibanez.cl\/web\/wp-json\/wp\/v2\/categories?post=48064"},{"taxonomy":"post_tag","embeddable":true,"href":"https:\/\/www.radiopresidenteibanez.cl\/web\/wp-json\/wp\/v2\/tags?post=48064"}],"curies":[{"name":"wp","href":"https:\/\/api.w.org\/{rel}","templated":true}]}}