{"id":48032,"date":"2024-04-27T09:48:00","date_gmt":"2024-04-27T12:48:00","guid":{"rendered":"https:\/\/www.radiopresidenteibanez.cl\/web\/?p=48032"},"modified":"2024-04-28T14:50:02","modified_gmt":"2024-04-28T17:50:02","slug":"slep-magallanes-presento-querella-por-incendio-en-la-escuela-pedro-pablo-lemaitre","status":"publish","type":"post","link":"https:\/\/www.radiopresidenteibanez.cl\/web\/slep-magallanes-presento-querella-por-incendio-en-la-escuela-pedro-pablo-lemaitre\/","title":{"rendered":"Slep Magallanes present\u00f3 querella por incendio en la escuela Pedro Pablo Lemaitre"},"content":{"rendered":"\n<p>En el Juzgado de Garant\u00eda de Punta Arenas fue ingresada la querella del Servicio Local de<br>Educaci\u00f3n P\u00fablica Magallanes contra todos quieres resulten responsables por el delito de incendio<br>que afect\u00f3 una dependencia de la escuela Pedro Pablo Lemaitre la noche del 13 de abril.<br>El fuego, que tuvo un origen intencional seg\u00fan confirmaron los peritajes de Labocar de<br>Carabineros, provoc\u00f3 importantes da\u00f1os en un pasillo y bodegas del establecimiento, destruy\u00f3<br>documentos y oblig\u00f3 a suspender por dos d\u00edas los servicios educativos, afectando a los escolares y<br>sus familias.<br>El escrito ingresado pide al tribunal tener por interpuesta la querella criminal en contra de quienes<br>resulten responsables como autores, c\u00f3mplices o encubridores del delito de incendio<br>contemplado en el art\u00edculo 476 N\u00b02 del C\u00f3digo Penal y de cualquier otro il\u00edcito que se determine<br>durante el transcurso de la investigaci\u00f3n.<br>Tambi\u00e9n solicita que se tome declaraci\u00f3n ante el Ministerio P\u00fablico a todos los testigos<br>empadronados en el respectivo parte policial y que se despache la instrucci\u00f3n a la Polic\u00eda de<br>Investigaciones de Chile para que investigue los hechos denunciados.<\/p>\n","protected":false},"excerpt":{"rendered":"<p>En el Juzgado de Garant\u00eda de Punta Arenas fue ingresada la querella del Servicio Local deEducaci\u00f3n P\u00fablica Magallanes contra todos quieres resulten responsables por el delito de incendioque afect\u00f3 una&#8230; <a class=\"read-more\" href=\"https:\/\/www.radiopresidenteibanez.cl\/web\/slep-magallanes-presento-querella-por-incendio-en-la-escuela-pedro-pablo-lemaitre\/\">Leer m\u00e1s<\/a><\/p>\n","protected":false},"author":2,"featured_media":48033,"comment_status":"closed","ping_status":"closed","sticky":false,"template":"","format":"standard","meta":{"footnotes":""},"categories":[1],"tags":[],"class_list":["post-48032","post","type-post","status-publish","format-standard","has-post-thumbnail","hentry","category-cronica"],"_links":{"self":[{"href":"https:\/\/www.radiopresidenteibanez.cl\/web\/wp-json\/wp\/v2\/posts\/48032","targetHints":{"allow":["GET"]}}],"collection":[{"href":"https:\/\/www.radiopresidenteibanez.cl\/web\/wp-json\/wp\/v2\/posts"}],"about":[{"href":"https:\/\/www.radiopresidenteibanez.cl\/web\/wp-json\/wp\/v2\/types\/post"}],"author":[{"embeddable":true,"href":"https:\/\/www.radiopresidenteibanez.cl\/web\/wp-json\/wp\/v2\/users\/2"}],"replies":[{"embeddable":true,"href":"https:\/\/www.radiopresidenteibanez.cl\/web\/wp-json\/wp\/v2\/comments?post=48032"}],"version-history":[{"count":0,"href":"https:\/\/www.radiopresidenteibanez.cl\/web\/wp-json\/wp\/v2\/posts\/48032\/revisions"}],"wp:featuredmedia":[{"embeddable":true,"href":"https:\/\/www.radiopresidenteibanez.cl\/web\/wp-json\/wp\/v2\/media\/48033"}],"wp:attachment":[{"href":"https:\/\/www.radiopresidenteibanez.cl\/web\/wp-json\/wp\/v2\/media?parent=48032"}],"wp:term":[{"taxonomy":"category","embeddable":true,"href":"https:\/\/www.radiopresidenteibanez.cl\/web\/wp-json\/wp\/v2\/categories?post=48032"},{"taxonomy":"post_tag","embeddable":true,"href":"https:\/\/www.radiopresidenteibanez.cl\/web\/wp-json\/wp\/v2\/tags?post=48032"}],"curies":[{"name":"wp","href":"https:\/\/api.w.org\/{rel}","templated":true}]}}