{"id":4803,"date":"2019-06-05T20:18:00","date_gmt":"2019-06-05T20:18:00","guid":{"rendered":"http:\/\/www.radiopresidenteibanez.cl\/web\/?p=4803"},"modified":"2019-06-05T20:18:25","modified_gmt":"2019-06-05T20:18:25","slug":"ministra-de-las-culturas-realiza-primera-restitucion-de-bienes-patrimoniales-a-la-comunidad-yagan","status":"publish","type":"post","link":"https:\/\/www.radiopresidenteibanez.cl\/web\/ministra-de-las-culturas-realiza-primera-restitucion-de-bienes-patrimoniales-a-la-comunidad-yagan\/","title":{"rendered":"MINISTRA DE LAS CULTURAS REALIZA PRIMERA RESTITUCI\u00d3N DE BIENES PATRIMONIALES A LA COMUNIDAD YAG\u00c1N"},"content":{"rendered":"\n<p>La\nministra de las Culturas, las Artes y el Patrimonio, Consuelo Vald\u00e9s,\nacompa\u00f1ada del director del Servicio Nacional del Patrimonio Cultural, Carlos\nMaillet, realiz\u00f3 hoy la primera restituci\u00f3n de piezas a la cultura Yag\u00e1n, las\nque hasta la fecha formaban parte de la Colecci\u00f3n Gusinde del Museo Nacional de\nHistoria Natural.<\/p>\n\n\n\n<p>\u201cHemos\ntra\u00eddo y devuelto tres objetos de la cultura yag\u00e1n como una demostraci\u00f3n de\nnuestra convicci\u00f3n de que los territorios deben y merecen tener los objetos de\nsus culturas originarias en ese territorio. Son su identidad y su patrimonio.\nAdem\u00e1s, muchas de estas piezas son colecciones que ya est\u00e1n inactivas y\nguardadas en los museos, de manera que ya no est\u00e1n visibles tampoco para el\np\u00fablico. Aqu\u00ed se conectan r\u00e1pidamente con la tradici\u00f3n de su cultura, en este\ncaso, la yag\u00e1n\u201d, coment\u00f3 la secretaria de Estado despu\u00e9s de la simb\u00f3lica\nceremonia realizada en Punta Arenas. <\/p>\n\n\n\n<p>Se\ntrata de la m\u00e1scara de cuero ceremonial, el cesto Tawela y la r\u00e9plica de canoa\nde corteza, que&nbsp;corresponden a los estudios de las expediciones realizadas\npor el sacerdote y antrop\u00f3logo Mart\u00edn Gusinde a comienzos del siglo pasado, que\nhasta ahora se encontraban en los dep\u00f3sitos de la instituci\u00f3n de Santiago.<\/p>\n\n\n\n<p>A\ncontar de ahora, estas piezas ser\u00e1n resguardadas por el Museo Antropol\u00f3gico\nMart\u00edn Gusinde de Puerto Williams, bajo la figura de un \u201cpr\u00e9stamo permanente\u201d,\nen el marco de la pol\u00edtica de restituci\u00f3n de bienes culturales fundada en un\ndi\u00e1logo responsable con los pueblos originarios, que encabeza el Ministerio de\nlas Culturas, las Artes y el Patrimonio. <\/p>\n\n\n\n<p>Pamela\nAlvarado, representante del pueblo Yag\u00e1n, destac\u00f3 que \u201cpara nosotros es muy\nimportante que los objetos de esta colecci\u00f3n Gusinde y en general el patrimonio\nmaterial Yag\u00e1n puedan retornar a su territorio de origen, as\u00ed como tambi\u00e9n es\nrelevante para todas las comunidades poder acceder a su patrimonio. Es un\nderecho a la propia cultura\u201d. <\/p>\n\n\n\n<p>La\nministra Vald\u00e9s agreg\u00f3 adem\u00e1s que \u201cla idea es continuar con otras colecciones,\ntraer m\u00e1s objetos y tambi\u00e9n iniciar algunas gestiones de piezas que sabemos que\nest\u00e1n en instituciones que est\u00e1n en el extranjero y es una pol\u00edtica que estamos\nsiguiendo desde el Ministerio con los pueblos originarios. El patrimonio no\npertenece al Estado sino a las culturas, a las sociedades y a las comunidades\nque le dieron origen\u00bb. <\/p>\n\n\n\n<p>Esta acci\u00f3n se enmarca en el aniversario n\u00famero 100 de las expediciones de Gusinde en el extremo austral de Chile y el aniversario 50 de su muerte. Adem\u00e1s, se suma a la agenda de conmemoraci\u00f3n de los 500 a\u00f1os de descubrimiento del Estrecho de Magallanes.<\/p>\n\n\n\n<figure class=\"wp-block-image\"><img loading=\"lazy\" decoding=\"async\" width=\"1000\" height=\"667\" src=\"https:\/\/www.radiopresidenteibanez.cl\/web\/wp-content\/uploads\/2019\/06\/IMG_4847.jpg\" alt=\"\" class=\"wp-image-4804\" srcset=\"https:\/\/www.radiopresidenteibanez.cl\/web\/wp-content\/uploads\/2019\/06\/IMG_4847.jpg 1000w, https:\/\/www.radiopresidenteibanez.cl\/web\/wp-content\/uploads\/2019\/06\/IMG_4847-300x200.jpg 300w, https:\/\/www.radiopresidenteibanez.cl\/web\/wp-content\/uploads\/2019\/06\/IMG_4847-768x512.jpg 768w\" sizes=\"auto, (max-width: 1000px) 100vw, 1000px\" \/><\/figure>\n","protected":false},"excerpt":{"rendered":"<p>La ministra de las Culturas, las Artes y el Patrimonio, Consuelo Vald\u00e9s, acompa\u00f1ada del director del Servicio Nacional del Patrimonio Cultural, Carlos Maillet, realiz\u00f3 hoy la primera restituci\u00f3n de piezas&#8230; <a class=\"read-more\" href=\"https:\/\/www.radiopresidenteibanez.cl\/web\/ministra-de-las-culturas-realiza-primera-restitucion-de-bienes-patrimoniales-a-la-comunidad-yagan\/\">Leer m\u00e1s<\/a><\/p>\n","protected":false},"author":2,"featured_media":4804,"comment_status":"closed","ping_status":"closed","sticky":false,"template":"","format":"standard","meta":{"footnotes":""},"categories":[1],"tags":[],"class_list":["post-4803","post","type-post","status-publish","format-standard","has-post-thumbnail","hentry","category-cronica"],"_links":{"self":[{"href":"https:\/\/www.radiopresidenteibanez.cl\/web\/wp-json\/wp\/v2\/posts\/4803","targetHints":{"allow":["GET"]}}],"collection":[{"href":"https:\/\/www.radiopresidenteibanez.cl\/web\/wp-json\/wp\/v2\/posts"}],"about":[{"href":"https:\/\/www.radiopresidenteibanez.cl\/web\/wp-json\/wp\/v2\/types\/post"}],"author":[{"embeddable":true,"href":"https:\/\/www.radiopresidenteibanez.cl\/web\/wp-json\/wp\/v2\/users\/2"}],"replies":[{"embeddable":true,"href":"https:\/\/www.radiopresidenteibanez.cl\/web\/wp-json\/wp\/v2\/comments?post=4803"}],"version-history":[{"count":0,"href":"https:\/\/www.radiopresidenteibanez.cl\/web\/wp-json\/wp\/v2\/posts\/4803\/revisions"}],"wp:featuredmedia":[{"embeddable":true,"href":"https:\/\/www.radiopresidenteibanez.cl\/web\/wp-json\/wp\/v2\/media\/4804"}],"wp:attachment":[{"href":"https:\/\/www.radiopresidenteibanez.cl\/web\/wp-json\/wp\/v2\/media?parent=4803"}],"wp:term":[{"taxonomy":"category","embeddable":true,"href":"https:\/\/www.radiopresidenteibanez.cl\/web\/wp-json\/wp\/v2\/categories?post=4803"},{"taxonomy":"post_tag","embeddable":true,"href":"https:\/\/www.radiopresidenteibanez.cl\/web\/wp-json\/wp\/v2\/tags?post=4803"}],"curies":[{"name":"wp","href":"https:\/\/api.w.org\/{rel}","templated":true}]}}