{"id":48000,"date":"2024-04-25T10:20:00","date_gmt":"2024-04-25T13:20:00","guid":{"rendered":"https:\/\/www.radiopresidenteibanez.cl\/web\/?p=48000"},"modified":"2024-04-25T08:19:36","modified_gmt":"2024-04-25T11:19:36","slug":"rectores-y-rectoras-del-cuech-advierten-las-graves-consecuencias-de-mercantilizar-la-educacion-publica-en-chile-y-argentina","status":"publish","type":"post","link":"https:\/\/www.radiopresidenteibanez.cl\/web\/rectores-y-rectoras-del-cuech-advierten-las-graves-consecuencias-de-mercantilizar-la-educacion-publica-en-chile-y-argentina\/","title":{"rendered":"RECTORES Y RECTORAS DEL CUECH ADVIERTEN LAS GRAVES CONSECUENCIAS DE MERCANTILIZAR LA EDUCACION PUBLICA EN CHILE Y ARGENTINA"},"content":{"rendered":"\n<p>En el marco de la sesi\u00f3n mensual del Consorcio de Universidades del Estado de Chile, CUECH, realizado en la Universidad de Magallanes, las 18 universidades p\u00fablicas del pa\u00eds suscribieron una postura com\u00fan en adhesi\u00f3n al movimiento acad\u00e9mico del Consejo Interuniversitario de Argentina (CIN), ante la compleja crisis que atraviesa el sistema universitario p\u00fablico de esa Naci\u00f3n, producto de pol\u00edticas gubernamentales equivalentes a las aplicadas en Chile durante la dictadura militar y que han significado un progresivo detrimento del rol del Estado&nbsp;respecto de la educaci\u00f3n superior p\u00fablica.<\/p>\n\n\n\n<p>En la carta titulada&nbsp;<a href=\"https:\/\/noticias.uestatales.cl\/educacion-publica-es-mas-desarrollo-y-bienestar-humano\" target=\"_blank\" rel=\"noreferrer noopener\">\u201cArgentina: Educaci\u00f3n p\u00fablica es m\u00e1s desarrollo y bienestar humano\u201d<\/a>, las rectoras y rectores de Chile manifestaron su absoluta adhesi\u00f3n y solidaridad con las demandas levantadas por las universidades argentinas: \u201cEl deterioro del sistema cient\u00edfico, tecnol\u00f3gico y de innovaci\u00f3n en Argentina; as\u00ed como la suspensi\u00f3n total de obras de infraestructura cient\u00edfica y universitaria en ejecuci\u00f3n -denunciado por las comunidades acad\u00e9micas- es un camino que hipoteca irremediablemente el presente y futuro del pa\u00eds y sus ciudadanos\u201d.<\/p>\n\n\n\n<p>\u201cEste retroceso preocupa a todas las comunidades cient\u00edficas a nivel internacional. Recientemente&nbsp;68 cient\u00edficos y cient\u00edficas Premios Nobel suscribieron una carta en defensa del rol de los Estados -en particular en este caso del Estado Argentino- en la promoci\u00f3n y financiamiento de la investigaci\u00f3n cient\u00edfica, piedra angular del desarrollo tecnol\u00f3gico y bienestar humano\u201d, se\u00f1alan en la declaraci\u00f3n p\u00fablica.<\/p>\n\n\n\n<p>Para el Consorcio de Universidades del Estado de Chile, CUECH, las pol\u00edticas emprendidas por el gobierno argentino condenan a las sociedades latinoamericanas a seguir padeciendo el&nbsp;obscurantismo&nbsp;del subdesarrollo: \u201cLas restricciones y precariedades que subyacen en los modelos de aranceles universitarios basados en subsidio a la demanda o la privatizaci\u00f3n forzosa del conocimiento cient\u00edfico y tecnol\u00f3gico, mediante la estrangulaci\u00f3n del aporte fiscal a las Universidades e instituciones de investigaci\u00f3n acad\u00e9mica, lleva inevitablemente a la p\u00e9rdida de soberan\u00eda nacional sobre los datos cient\u00edficos y merma las posibilidades de usar el avance de la ciencia y de la tecnolog\u00eda en beneficio de las personas\u201d, plantea la misiva de las instituciones chilenas.<\/p>\n\n\n\n<p>\u201cEn Chile, a\u00fan despu\u00e9s de 50 a\u00f1os, no hemos logrado superar un paradigma basado en concepciones mercantiles para entender la educaci\u00f3n p\u00fablica y que no reconocen la importancia estrat\u00e9gica de la investigaci\u00f3n para el desarrollo de los pa\u00edses. Ello nos obliga a permanecer en alerta para evitar que el abandono hist\u00f3rico que el Estado chileno ha dado a sus universidades p\u00fablicas se intensifique y se retroceda en los escasos avances que hemos logrado en los \u00faltimos a\u00f1os\u201d, enfatizaron rectoras y rectores.<\/p>\n\n\n\n<p>\u201cMenos financiamiento y menos promoci\u00f3n de la educaci\u00f3n p\u00fablica, de la ciencia y tecnolog\u00eda es m\u00e1s pobreza y subdesarrollo.&nbsp;Solo&nbsp;m\u00e1s educaci\u00f3n p\u00fablica nos permite aspirar a m\u00e1s desarrollo y bienestar humano\u201d concluye la carta.&nbsp;<\/p>\n","protected":false},"excerpt":{"rendered":"<p>En el marco de la sesi\u00f3n mensual del Consorcio de Universidades del Estado de Chile, CUECH, realizado en la Universidad de Magallanes, las 18 universidades p\u00fablicas del pa\u00eds suscribieron una&#8230; <a class=\"read-more\" href=\"https:\/\/www.radiopresidenteibanez.cl\/web\/rectores-y-rectoras-del-cuech-advierten-las-graves-consecuencias-de-mercantilizar-la-educacion-publica-en-chile-y-argentina\/\">Leer m\u00e1s<\/a><\/p>\n","protected":false},"author":2,"featured_media":48001,"comment_status":"closed","ping_status":"closed","sticky":false,"template":"","format":"standard","meta":{"footnotes":""},"categories":[1],"tags":[],"class_list":["post-48000","post","type-post","status-publish","format-standard","has-post-thumbnail","hentry","category-cronica"],"_links":{"self":[{"href":"https:\/\/www.radiopresidenteibanez.cl\/web\/wp-json\/wp\/v2\/posts\/48000","targetHints":{"allow":["GET"]}}],"collection":[{"href":"https:\/\/www.radiopresidenteibanez.cl\/web\/wp-json\/wp\/v2\/posts"}],"about":[{"href":"https:\/\/www.radiopresidenteibanez.cl\/web\/wp-json\/wp\/v2\/types\/post"}],"author":[{"embeddable":true,"href":"https:\/\/www.radiopresidenteibanez.cl\/web\/wp-json\/wp\/v2\/users\/2"}],"replies":[{"embeddable":true,"href":"https:\/\/www.radiopresidenteibanez.cl\/web\/wp-json\/wp\/v2\/comments?post=48000"}],"version-history":[{"count":0,"href":"https:\/\/www.radiopresidenteibanez.cl\/web\/wp-json\/wp\/v2\/posts\/48000\/revisions"}],"wp:featuredmedia":[{"embeddable":true,"href":"https:\/\/www.radiopresidenteibanez.cl\/web\/wp-json\/wp\/v2\/media\/48001"}],"wp:attachment":[{"href":"https:\/\/www.radiopresidenteibanez.cl\/web\/wp-json\/wp\/v2\/media?parent=48000"}],"wp:term":[{"taxonomy":"category","embeddable":true,"href":"https:\/\/www.radiopresidenteibanez.cl\/web\/wp-json\/wp\/v2\/categories?post=48000"},{"taxonomy":"post_tag","embeddable":true,"href":"https:\/\/www.radiopresidenteibanez.cl\/web\/wp-json\/wp\/v2\/tags?post=48000"}],"curies":[{"name":"wp","href":"https:\/\/api.w.org\/{rel}","templated":true}]}}