{"id":4800,"date":"2019-06-05T20:10:35","date_gmt":"2019-06-05T20:10:35","guid":{"rendered":"http:\/\/www.radiopresidenteibanez.cl\/web\/?p=4800"},"modified":"2019-06-05T20:11:19","modified_gmt":"2019-06-05T20:11:19","slug":"coaniquem-sale-a-las-calles-de-chile-con-el-fin-de-seguir-con-su-legado-de-40-anos","status":"publish","type":"post","link":"https:\/\/www.radiopresidenteibanez.cl\/web\/coaniquem-sale-a-las-calles-de-chile-con-el-fin-de-seguir-con-su-legado-de-40-anos\/","title":{"rendered":"COANIQUEM SALE A LAS CALLES DE CHILE CON EL FIN DE SEGUIR CON SU LEGADO DE 40 A\u00d1OS"},"content":{"rendered":"\n<p>En\nnuestro pa\u00eds, son 80 mil los ni\u00f1os que se queman anualmente, de ellos m\u00e1s de la\nmitad requiere atenci\u00f3n m\u00e9dica que van desde curaciones, hasta cirug\u00edas y\nrehabilitaci\u00f3n. COANIQUEM, que este a\u00f1o cumple 40 a\u00f1os de existencia, realiza\nsu colecta este 7 y 8 de junio; esta permitir\u00e1 seguir atendiendo\n\u2013gratuitamente- a aquellos que lleguen a los centros de la instituci\u00f3n ubicados\nen Antofagasta, Puerto Montt y Santiago.<\/p>\n\n\n\n<p>Justamente en esta\npoca aumentan la cantidad de quemaduras en ni\u00f1os dentro del hogar, puesto que\ncomienzan los meses fr\u00edos, los menores permanecen mayor tiempo dentro de las casas y se\nusan sistemas para calefaccionar las habitaciones, como estufas, que siguen siendo la principal causa de quemaduras\nen invierno. Incluso, un 90% de los\ncasos los ni\u00f1os se queman en su casa y en presencia de un adulto.<\/p>\n\n\n\n<p>Hist\u00f3ricamente el principal\nriesgo ha sido el volcamiento de l\u00edquidos calientes tales como tazas de t\u00e9,\nteteras, ollas y hervidores. En la actualidad se ha equiparado como agente\ncausal la categor\u00eda de objetos calientes: estufas, planchas de ropa y pelo,\npuerta de horno y tubos de escape de motos.<\/p>\n\n\n\n<p>\u201cEn nuestros 40 a\u00f1os de\nexistencia hemos atentido a m\u00e1s de 135 mil ni\u00f1os y j\u00f3venes con quemaduras de\nChile y del extranjero y cada a\u00f1os se otorga tratamiento a m\u00e1s de 8 mil\ncasos. Esta experiencia ha permitido conocer los agentes causales y mecanismos\nm\u00e1s frecuentes a trav\u00e9s de los cuales se producen las quemaduras y a la vez,\nidentificar los factores de riesgo que a esta edad se encuentran principalmente\ndentro del hogar\u201d afirma el fundador y presidente de COANIQUEM, Dr. Jorge Rojas\nZegers.<\/p>\n\n\n\n<p>El costo anual del proceso de rehabilitaci\u00f3n de\nun ni\u00f1o o joven con quemaduras puede llegar hasta los cinco millones de pesos\nanuales, dependiendo del grado de complejidad de las secuelas. Se debe tener\npresente que la rehabilitaci\u00f3n de un ni\u00f1o con cicatrices por quemaduras puede\ndurar varios a\u00f1os, hasta que finaliza su crecimiento, con lo cual los costos\npueden ser muy altos en los casos m\u00e1s graves. Pese a esto COANIQUEM atiende de\nmanera 100% gratuita a todos sus pacientes.<\/p>\n\n\n\n<p>Para continuar con las labores de aquellos que lo requieren, COANIQUEM sale a la calle a pedir ayuda en su Colecta Nacional. Podr\u00e1n identificar a los voluntarios que estar\u00e1n en todo Chile con alcanc\u00edas pidiendo un aporte. Tambi\u00e9n se puede ayudar con donaciones online, a trav\u00e9s de la p\u00e1gina web www.coaniquem.cl <\/p>\n\n\n\n<figure class=\"wp-block-image\"><img loading=\"lazy\" decoding=\"async\" width=\"1024\" height=\"680\" src=\"https:\/\/www.radiopresidenteibanez.cl\/web\/wp-content\/uploads\/2019\/06\/COANIQUEM-COLECTA-1-1024x680.jpg\" alt=\"\" class=\"wp-image-4801\" srcset=\"https:\/\/www.radiopresidenteibanez.cl\/web\/wp-content\/uploads\/2019\/06\/COANIQUEM-COLECTA-1-1024x680.jpg 1024w, https:\/\/www.radiopresidenteibanez.cl\/web\/wp-content\/uploads\/2019\/06\/COANIQUEM-COLECTA-1-300x199.jpg 300w, https:\/\/www.radiopresidenteibanez.cl\/web\/wp-content\/uploads\/2019\/06\/COANIQUEM-COLECTA-1-768x510.jpg 768w\" sizes=\"auto, (max-width: 1024px) 100vw, 1024px\" \/><\/figure>\n","protected":false},"excerpt":{"rendered":"<p>En nuestro pa\u00eds, son 80 mil los ni\u00f1os que se queman anualmente, de ellos m\u00e1s de la mitad requiere atenci\u00f3n m\u00e9dica que van desde curaciones, hasta cirug\u00edas y rehabilitaci\u00f3n. COANIQUEM,&#8230; <a class=\"read-more\" href=\"https:\/\/www.radiopresidenteibanez.cl\/web\/coaniquem-sale-a-las-calles-de-chile-con-el-fin-de-seguir-con-su-legado-de-40-anos\/\">Leer m\u00e1s<\/a><\/p>\n","protected":false},"author":2,"featured_media":4801,"comment_status":"closed","ping_status":"closed","sticky":false,"template":"","format":"standard","meta":{"footnotes":""},"categories":[1],"tags":[],"class_list":["post-4800","post","type-post","status-publish","format-standard","has-post-thumbnail","hentry","category-cronica"],"_links":{"self":[{"href":"https:\/\/www.radiopresidenteibanez.cl\/web\/wp-json\/wp\/v2\/posts\/4800","targetHints":{"allow":["GET"]}}],"collection":[{"href":"https:\/\/www.radiopresidenteibanez.cl\/web\/wp-json\/wp\/v2\/posts"}],"about":[{"href":"https:\/\/www.radiopresidenteibanez.cl\/web\/wp-json\/wp\/v2\/types\/post"}],"author":[{"embeddable":true,"href":"https:\/\/www.radiopresidenteibanez.cl\/web\/wp-json\/wp\/v2\/users\/2"}],"replies":[{"embeddable":true,"href":"https:\/\/www.radiopresidenteibanez.cl\/web\/wp-json\/wp\/v2\/comments?post=4800"}],"version-history":[{"count":0,"href":"https:\/\/www.radiopresidenteibanez.cl\/web\/wp-json\/wp\/v2\/posts\/4800\/revisions"}],"wp:featuredmedia":[{"embeddable":true,"href":"https:\/\/www.radiopresidenteibanez.cl\/web\/wp-json\/wp\/v2\/media\/4801"}],"wp:attachment":[{"href":"https:\/\/www.radiopresidenteibanez.cl\/web\/wp-json\/wp\/v2\/media?parent=4800"}],"wp:term":[{"taxonomy":"category","embeddable":true,"href":"https:\/\/www.radiopresidenteibanez.cl\/web\/wp-json\/wp\/v2\/categories?post=4800"},{"taxonomy":"post_tag","embeddable":true,"href":"https:\/\/www.radiopresidenteibanez.cl\/web\/wp-json\/wp\/v2\/tags?post=4800"}],"curies":[{"name":"wp","href":"https:\/\/api.w.org\/{rel}","templated":true}]}}