{"id":47966,"date":"2024-04-24T08:19:59","date_gmt":"2024-04-24T11:19:59","guid":{"rendered":"https:\/\/www.radiopresidenteibanez.cl\/web\/?p=47966"},"modified":"2024-04-24T08:19:59","modified_gmt":"2024-04-24T11:19:59","slug":"municipio-realizo-cambio-de-luminaria-peatonal-de-plaza-progreso","status":"publish","type":"post","link":"https:\/\/www.radiopresidenteibanez.cl\/web\/municipio-realizo-cambio-de-luminaria-peatonal-de-plaza-progreso\/","title":{"rendered":"MUNICIPIO REALIZO CAMBIO DE LUMINARIA PEATONAL DE PLAZA PROGRESO"},"content":{"rendered":"\n<p>Con el fin de mejorar la calidad lum\u00ednica de los espacios p\u00fablicos de la comuna, el departamento de Alumbrado P\u00fablico de la Municipalidad de Punta Arenas, realiz\u00f3 el cambio de la postaci\u00f3n y las luminarias peatonales de la Plaza Progreso, ubicada en el Barrio Croata.&nbsp;<br>La<\/p>\n\n\n\n<p>&nbsp;implementaci\u00f3n de la nueva tecnolog\u00eda permite ahorrar hasta en un 40% de consumo el\u00e9ctrico y entrega hasta un 25% m\u00e1s de luminosidad.&nbsp;<\/p>\n\n\n\n<p>Seg\u00fan explic\u00f3 el jefe del departamento municipal,&nbsp;Nicol\u00e1s&nbsp;P\u00e9rez, \u00abse cambiaron 21 postes de luminaria peatonal junto con sus cabezales de luz, debido a que la antigua postaci\u00f3n, producto de su materialidad y los fuertes vientos, fue cediendo y manten\u00eda soluciones parche que no&nbsp;generaban un entorno muy grato a la vista\u00bb.Respecto a las caracter\u00edsticas de las nuevas luminarias de tecnolog\u00eda LED, el funcionario municipal indic\u00f3 que \u00abestas&nbsp;<\/p>\n\n\n\n<p>tienen una temperatura de 2.700 kelvin, que es el grado que eventualmente podr\u00eda aplicarse a las distintas zonas del pa\u00eds producto la Norma DS-43, por eso estamos viendo c\u00f3mo se comporta la luminosidad con esta luminaria. Esta&nbsp;normativa parti\u00f3 pensando en la observaci\u00f3n astron\u00f3mica, pero luego de eso se hizo un complemento donde tambi\u00e9n se ve la afectaci\u00f3n de animales, donde se espera aplicar en lugares del territorio nacional en los que habitan especies que se vean afectadas por la luminosidad\u00bb.&nbsp;En este sentido, el&nbsp;<\/p>\n\n\n\n<p>departamento de Alumbrado P\u00fablico de la Municipalidad de Punta Arenas, por medio de estas obras analizar\u00e1 la adaptabilidad de las nuevas luminarias para&nbsp;una futura adaptaci\u00f3n en cuanto a temperatura; sumado al avance referido al proceso de&nbsp;modernizaci\u00f3n pensando en la descarbonizaci\u00f3n, por medio del cambio de la tradicional luminaria de sodio a LED, lo que entrega un mayor nivel de luminosidad y ahorro de energ\u00eda.<\/p>\n","protected":false},"excerpt":{"rendered":"<p>Con el fin de mejorar la calidad lum\u00ednica de los espacios p\u00fablicos de la comuna, el departamento de Alumbrado P\u00fablico de la Municipalidad de Punta Arenas, realiz\u00f3 el cambio de&#8230; <a class=\"read-more\" href=\"https:\/\/www.radiopresidenteibanez.cl\/web\/municipio-realizo-cambio-de-luminaria-peatonal-de-plaza-progreso\/\">Leer m\u00e1s<\/a><\/p>\n","protected":false},"author":2,"featured_media":47967,"comment_status":"closed","ping_status":"closed","sticky":false,"template":"","format":"standard","meta":{"footnotes":""},"categories":[1],"tags":[],"class_list":["post-47966","post","type-post","status-publish","format-standard","has-post-thumbnail","hentry","category-cronica"],"_links":{"self":[{"href":"https:\/\/www.radiopresidenteibanez.cl\/web\/wp-json\/wp\/v2\/posts\/47966","targetHints":{"allow":["GET"]}}],"collection":[{"href":"https:\/\/www.radiopresidenteibanez.cl\/web\/wp-json\/wp\/v2\/posts"}],"about":[{"href":"https:\/\/www.radiopresidenteibanez.cl\/web\/wp-json\/wp\/v2\/types\/post"}],"author":[{"embeddable":true,"href":"https:\/\/www.radiopresidenteibanez.cl\/web\/wp-json\/wp\/v2\/users\/2"}],"replies":[{"embeddable":true,"href":"https:\/\/www.radiopresidenteibanez.cl\/web\/wp-json\/wp\/v2\/comments?post=47966"}],"version-history":[{"count":0,"href":"https:\/\/www.radiopresidenteibanez.cl\/web\/wp-json\/wp\/v2\/posts\/47966\/revisions"}],"wp:featuredmedia":[{"embeddable":true,"href":"https:\/\/www.radiopresidenteibanez.cl\/web\/wp-json\/wp\/v2\/media\/47967"}],"wp:attachment":[{"href":"https:\/\/www.radiopresidenteibanez.cl\/web\/wp-json\/wp\/v2\/media?parent=47966"}],"wp:term":[{"taxonomy":"category","embeddable":true,"href":"https:\/\/www.radiopresidenteibanez.cl\/web\/wp-json\/wp\/v2\/categories?post=47966"},{"taxonomy":"post_tag","embeddable":true,"href":"https:\/\/www.radiopresidenteibanez.cl\/web\/wp-json\/wp\/v2\/tags?post=47966"}],"curies":[{"name":"wp","href":"https:\/\/api.w.org\/{rel}","templated":true}]}}