{"id":4796,"date":"2019-06-05T14:11:47","date_gmt":"2019-06-05T14:11:47","guid":{"rendered":"http:\/\/www.radiopresidenteibanez.cl\/web\/?p=4796"},"modified":"2019-06-05T14:12:06","modified_gmt":"2019-06-05T14:12:06","slug":"consejo-regional-aprobo-entregar-mas-de-80-millones-para-medios-de-comunicacion","status":"publish","type":"post","link":"https:\/\/www.radiopresidenteibanez.cl\/web\/consejo-regional-aprobo-entregar-mas-de-80-millones-para-medios-de-comunicacion\/","title":{"rendered":"CONSEJO REGIONAL APROB\u00d3 ENTREGAR M\u00c1S DE $80 MILLONES PARA MEDIOS DE COMUNICACI\u00d3N"},"content":{"rendered":"\n<p>La adjudicaci\u00f3n de 28 iniciativas presentadas por medios de comunicaci\u00f3n regionales, provinciales y comunales fue sancionada durante la \u00faltima sesi\u00f3n del Consejo Regional, este lunes (3 de junio), oportunidad en que se aprob\u00f3 la entrega de $86 millones para los postulantes.<\/p>\n\n\n\n<p>De este monto, poco m\u00e1s de $45 millones fue destinado a\nproyectos de radiodifusi\u00f3n, mientras que poco m\u00e1s de $40 millones, se entreg\u00f3 a\nproyectos presentados en otro tipo de soporte. <\/p>\n\n\n\n<p>\u201cEl tema de las comunicaciones hoy es fundamental. Pero\ntambi\u00e9n, hay que reiterar algunas opiniones en torno a c\u00f3mo seguimos\nperfeccionando este fondo. Por ejemplo, yo plante\u00e9 que me parec\u00eda importante\nque una misma persona jur\u00eddica no se pueda adjudicar dos o tres proyectos\u201d,\nafirm\u00f3 el presidente del Consejo Regional, Tolentino Soto.<\/p>\n\n\n\n<p>El representante del Cuerpo Colegiado explic\u00f3 que \u201cComo los\nrecursos nunca son suficientes, lo ideal es que en futuras selecciones vayamos\nconsiderando, ojal\u00e1, por cada persona jur\u00eddica un proyecto y poder abarcar un\nabanico m\u00e1s amplio de entidades que tengan acceso a este beneficio\u201d.<\/p>\n\n\n\n<p>Finalmente, Soto Espa\u00f1a reiter\u00f3 la importancia de continuar apoyando el financiamiento de las comunicaciones, por parte del Gobierno Regional.<\/p>\n\n\n\n<figure class=\"wp-block-image\"><img loading=\"lazy\" decoding=\"async\" width=\"900\" height=\"599\" src=\"http:\/\/www.radiopresidenteibanez.cl\/web\/wp-content\/uploads\/2019\/05\/2019-05-15-Tolentino-Soto-2.jpg\" alt=\"\" class=\"wp-image-4239\" srcset=\"https:\/\/www.radiopresidenteibanez.cl\/web\/wp-content\/uploads\/2019\/05\/2019-05-15-Tolentino-Soto-2.jpg 900w, https:\/\/www.radiopresidenteibanez.cl\/web\/wp-content\/uploads\/2019\/05\/2019-05-15-Tolentino-Soto-2-300x200.jpg 300w, https:\/\/www.radiopresidenteibanez.cl\/web\/wp-content\/uploads\/2019\/05\/2019-05-15-Tolentino-Soto-2-768x511.jpg 768w\" sizes=\"auto, (max-width: 900px) 100vw, 900px\" \/><\/figure>\n\n\n\n<p><br><\/p>\n","protected":false},"excerpt":{"rendered":"<p>La adjudicaci\u00f3n de 28 iniciativas presentadas por medios de comunicaci\u00f3n regionales, provinciales y comunales fue sancionada durante la \u00faltima sesi\u00f3n del Consejo Regional, este lunes (3 de junio), oportunidad en&#8230; <a class=\"read-more\" href=\"https:\/\/www.radiopresidenteibanez.cl\/web\/consejo-regional-aprobo-entregar-mas-de-80-millones-para-medios-de-comunicacion\/\">Leer m\u00e1s<\/a><\/p>\n","protected":false},"author":2,"featured_media":4239,"comment_status":"closed","ping_status":"closed","sticky":false,"template":"","format":"standard","meta":{"footnotes":""},"categories":[1],"tags":[],"class_list":["post-4796","post","type-post","status-publish","format-standard","has-post-thumbnail","hentry","category-cronica"],"_links":{"self":[{"href":"https:\/\/www.radiopresidenteibanez.cl\/web\/wp-json\/wp\/v2\/posts\/4796","targetHints":{"allow":["GET"]}}],"collection":[{"href":"https:\/\/www.radiopresidenteibanez.cl\/web\/wp-json\/wp\/v2\/posts"}],"about":[{"href":"https:\/\/www.radiopresidenteibanez.cl\/web\/wp-json\/wp\/v2\/types\/post"}],"author":[{"embeddable":true,"href":"https:\/\/www.radiopresidenteibanez.cl\/web\/wp-json\/wp\/v2\/users\/2"}],"replies":[{"embeddable":true,"href":"https:\/\/www.radiopresidenteibanez.cl\/web\/wp-json\/wp\/v2\/comments?post=4796"}],"version-history":[{"count":0,"href":"https:\/\/www.radiopresidenteibanez.cl\/web\/wp-json\/wp\/v2\/posts\/4796\/revisions"}],"wp:featuredmedia":[{"embeddable":true,"href":"https:\/\/www.radiopresidenteibanez.cl\/web\/wp-json\/wp\/v2\/media\/4239"}],"wp:attachment":[{"href":"https:\/\/www.radiopresidenteibanez.cl\/web\/wp-json\/wp\/v2\/media?parent=4796"}],"wp:term":[{"taxonomy":"category","embeddable":true,"href":"https:\/\/www.radiopresidenteibanez.cl\/web\/wp-json\/wp\/v2\/categories?post=4796"},{"taxonomy":"post_tag","embeddable":true,"href":"https:\/\/www.radiopresidenteibanez.cl\/web\/wp-json\/wp\/v2\/tags?post=4796"}],"curies":[{"name":"wp","href":"https:\/\/api.w.org\/{rel}","templated":true}]}}