{"id":47954,"date":"2024-04-23T14:12:00","date_gmt":"2024-04-23T17:12:00","guid":{"rendered":"https:\/\/www.radiopresidenteibanez.cl\/web\/?p=47954"},"modified":"2024-04-23T10:18:49","modified_gmt":"2024-04-23T13:18:49","slug":"direccion-general-de-aguas-del-mop-delimito-areas-de-prohibicion-de-drenaje-de-turberas-en-la-region-de-magallanes","status":"publish","type":"post","link":"https:\/\/www.radiopresidenteibanez.cl\/web\/direccion-general-de-aguas-del-mop-delimito-areas-de-prohibicion-de-drenaje-de-turberas-en-la-region-de-magallanes\/","title":{"rendered":"DIRECCION GENERAL DE AGUAS DEL MOP DELIMITO AREAS DE PROHIBICION DE DRENAJE DE TURBERAS EN LA REGION DE MAGALLANES"},"content":{"rendered":"\n<p>El 15 de abril se public\u00f3 en el Diario Oficial la resoluci\u00f3n DGA N\u00b0734 del 2 de abril de 2024 que delimita \u00e1reas de prohibici\u00f3n de drenaje de turberas en la Regi\u00f3n de Magallanes y de la Ant\u00e1rtica Chilena. La iniciativa es acorde con lo establecido en el art\u00edculo 47 inciso segundo de la ley 21.435, que reform\u00f3 el C\u00f3digo de Aguas, indicando que \u00abno podr\u00e1n construirse sistemas de drenaje en las zonas de turberas existentes e identificadas por el Ministerio del Medio Ambiente en el Inventario Nacional de Humedales, en la provincia de Chilo\u00e9 y en las regiones de Ays\u00e9n del General Carlos Ib\u00e1\u00f1ez del Campo y de Magallanes y de la Ant\u00e1rtica Chilena\u201d.<\/p>\n\n\n\n<p>La Directora Regional de Aguas del Ministerio de Obras P\u00fablicas (MOP), Lorena Olivares, sostuvo que la medida DGA junto con delimitar estas \u00e1reas protegidas en las cuales no se podr\u00e1n realizar obras de drenajes, otorga un marco legal para atender denuncias y fiscalizar. Sin embargo, bajo ciertas excepciones y en la medida que se cuente con una resoluci\u00f3n de calificaci\u00f3n ambiental favorable (RCA), podr\u00edan desarrollarse proyectos de inversi\u00f3n p\u00fablicos o privados de conectividad vial en fajas acotadas y con el menor impacto posible.<\/p>\n\n\n\n<p>Destac\u00f3 que las turberas son grandes extensiones territoriales, que corresponden a un tipo de humedal y que proporcionan importantes funciones ecosist\u00e9micas, asociadas a la conservaci\u00f3n de la biodiversidad y sobre todo a la regulaci\u00f3n h\u00eddrica de un determinado sector, siendo ecosistemas muy relevantes para la regi\u00f3n de Magallanes. La importancia de esta medida, agreg\u00f3 Olivares, es que se propicia el cuidado y resguardo de estos grandes reservorios de agua, permitiendo tomar acciones en estas zonas delimitadas, ya que las obras de drenaje en la turba generan impactos ecosist\u00e9micos asociados a una aceleraci\u00f3n del proceso de descomposici\u00f3n, descenso del terreno por la descomposici\u00f3n de la turba, un impacto negativo en la biodiversidad y en la captura y retenci\u00f3n de carbono.<\/p>\n\n\n\n<p>El Seremi de Obras P\u00fablicas, Jos\u00e9 Luis Hern\u00e1ndez, destac\u00f3 que el Gobierno del Presidente Boric trabaja fuertemente en la protecci\u00f3n de nuestro ecosistema y que el criterio para delimitar el \u00e1rea de prohibici\u00f3n de drenaje, se relaciona con turberas ubicadas en \u00e1reas que est\u00e1n bajo el Sistema Nacional de \u00c1reas Protegidas del Estado (SNASPE), en Bienes Nacionales protegidos, en sitios prioritarios, en zonas de inter\u00e9s tur\u00edstico, y otras de relevancia regional. En particular, el \u00e1rea de turberas a proteger en la regi\u00f3n de Magallanes, se relacionan con el nivel de intervenci\u00f3n, cercan\u00eda a cauces superficiales y a comunidades de inter\u00e9s tur\u00edstico, como es el caso de Punta Carrera.<\/p>\n\n\n\n<p>Adem\u00e1s, se identificaron dos registros de turberas cercanas a la comuna de Punta Arenas, de las que s\u00f3lo una fracci\u00f3n de la superficie delimitada se ubica dentro de \u00e1reas protegidas. Por otra parte, en esta regi\u00f3n existen iniciativas privadas para la conservaci\u00f3n de los ecosistemas, una de ellas es el Parque Natural Karukinka, que en t\u00e9rminos de \u00e1rea y presencia de turberas, posee una superficie de 2.720 km<sup>2<\/sup> correspondiente a un 2% de la superficie regional y un 21% de la comuna de Timaukel, Provincia de Tierra del Fuego.<\/p>\n","protected":false},"excerpt":{"rendered":"<p>El 15 de abril se public\u00f3 en el Diario Oficial la resoluci\u00f3n DGA N\u00b0734 del 2 de abril de 2024 que delimita \u00e1reas de prohibici\u00f3n de drenaje de turberas en&#8230; <a class=\"read-more\" href=\"https:\/\/www.radiopresidenteibanez.cl\/web\/direccion-general-de-aguas-del-mop-delimito-areas-de-prohibicion-de-drenaje-de-turberas-en-la-region-de-magallanes\/\">Leer m\u00e1s<\/a><\/p>\n","protected":false},"author":2,"featured_media":47955,"comment_status":"closed","ping_status":"closed","sticky":false,"template":"","format":"standard","meta":{"footnotes":""},"categories":[1],"tags":[],"class_list":["post-47954","post","type-post","status-publish","format-standard","has-post-thumbnail","hentry","category-cronica"],"_links":{"self":[{"href":"https:\/\/www.radiopresidenteibanez.cl\/web\/wp-json\/wp\/v2\/posts\/47954","targetHints":{"allow":["GET"]}}],"collection":[{"href":"https:\/\/www.radiopresidenteibanez.cl\/web\/wp-json\/wp\/v2\/posts"}],"about":[{"href":"https:\/\/www.radiopresidenteibanez.cl\/web\/wp-json\/wp\/v2\/types\/post"}],"author":[{"embeddable":true,"href":"https:\/\/www.radiopresidenteibanez.cl\/web\/wp-json\/wp\/v2\/users\/2"}],"replies":[{"embeddable":true,"href":"https:\/\/www.radiopresidenteibanez.cl\/web\/wp-json\/wp\/v2\/comments?post=47954"}],"version-history":[{"count":0,"href":"https:\/\/www.radiopresidenteibanez.cl\/web\/wp-json\/wp\/v2\/posts\/47954\/revisions"}],"wp:featuredmedia":[{"embeddable":true,"href":"https:\/\/www.radiopresidenteibanez.cl\/web\/wp-json\/wp\/v2\/media\/47955"}],"wp:attachment":[{"href":"https:\/\/www.radiopresidenteibanez.cl\/web\/wp-json\/wp\/v2\/media?parent=47954"}],"wp:term":[{"taxonomy":"category","embeddable":true,"href":"https:\/\/www.radiopresidenteibanez.cl\/web\/wp-json\/wp\/v2\/categories?post=47954"},{"taxonomy":"post_tag","embeddable":true,"href":"https:\/\/www.radiopresidenteibanez.cl\/web\/wp-json\/wp\/v2\/tags?post=47954"}],"curies":[{"name":"wp","href":"https:\/\/api.w.org\/{rel}","templated":true}]}}